{"id":1797,"date":"2022-09-17T12:18:29","date_gmt":"2022-09-17T12:18:29","guid":{"rendered":"https:\/\/damianmaxson.com\/?p=1797"},"modified":"2022-09-17T19:17:05","modified_gmt":"2022-09-17T19:17:05","slug":"obras-oracion-cuando-si-porque","status":"publish","type":"post","link":"https:\/\/damianmaxson.com\/es\/obras-oracion-cuando-si-porque\/","title":{"rendered":"\u00bfFunciona la oraci\u00f3n y, si es as\u00ed, por qu\u00e9?"},"content":{"rendered":"<div data-elementor-type=\"wp-post\" data-elementor-id=\"1797\" class=\"elementor elementor-1797\" data-elementor-post-type=\"post\">\n\t\t\t\t\t\t<section class=\"elementor-section elementor-top-section elementor-element elementor-element-56e7f9b8 elementor-section-full_width elementor-section-height-min-height elementor-section-height-default elementor-section-items-middle\" data-id=\"56e7f9b8\" data-element_type=\"section\" data-e-type=\"section\" data-settings=\"{&quot;background_background&quot;:&quot;video&quot;,&quot;motion_fx_motion_fx_scrolling&quot;:&quot;yes&quot;,&quot;jet_parallax_layout_list&quot;:[{&quot;jet_parallax_layout_image&quot;:{&quot;url&quot;:&quot;&quot;,&quot;id&quot;:&quot;&quot;,&quot;size&quot;:&quot;&quot;},&quot;_id&quot;:&quot;f63d799&quot;,&quot;jet_parallax_layout_image_tablet&quot;:{&quot;url&quot;:&quot;&quot;,&quot;id&quot;:&quot;&quot;,&quot;size&quot;:&quot;&quot;},&quot;jet_parallax_layout_image_mobile&quot;:{&quot;url&quot;:&quot;&quot;,&quot;id&quot;:&quot;&quot;,&quot;size&quot;:&quot;&quot;},&quot;jet_parallax_layout_speed&quot;:{&quot;unit&quot;:&quot;%&quot;,&quot;size&quot;:50,&quot;sizes&quot;:[]},&quot;jet_parallax_layout_type&quot;:&quot;scroll&quot;,&quot;jet_parallax_layout_direction&quot;:null,&quot;jet_parallax_layout_fx_direction&quot;:null,&quot;jet_parallax_layout_z_index&quot;:&quot;&quot;,&quot;jet_parallax_layout_bg_x&quot;:50,&quot;jet_parallax_layout_bg_x_tablet&quot;:&quot;&quot;,&quot;jet_parallax_layout_bg_x_mobile&quot;:&quot;&quot;,&quot;jet_parallax_layout_bg_y&quot;:50,&quot;jet_parallax_layout_bg_y_tablet&quot;:&quot;&quot;,&quot;jet_parallax_layout_bg_y_mobile&quot;:&quot;&quot;,&quot;jet_parallax_layout_bg_size&quot;:&quot;auto&quot;,&quot;jet_parallax_layout_bg_size_tablet&quot;:&quot;&quot;,&quot;jet_parallax_layout_bg_size_mobile&quot;:&quot;&quot;,&quot;jet_parallax_layout_animation_prop&quot;:&quot;transform&quot;,&quot;jet_parallax_layout_on&quot;:[&quot;desktop&quot;,&quot;tablet&quot;]}],&quot;background_video_link&quot;:&quot;https:\\\/\\\/damianmaxson.com\\\/video\\\/pause.mp4&quot;,&quot;background_play_on_mobile&quot;:&quot;yes&quot;,&quot;motion_fx_devices&quot;:[&quot;desktop&quot;,&quot;tablet&quot;,&quot;mobile&quot;]}\">\n\t\t\t\t\t\t\t\t<div class=\"elementor-background-video-container\">\n\t\t\t\t\t\t\t\t\t\t\t\t\t<video class=\"elementor-background-video-hosted\" role=\"presentation\" autoplay muted playsinline loop><\/video>\n\t\t\t\t\t\t\t\t\t\t\t<\/div>\n\t\t\t\t\t\t\t\t\t<div class=\"elementor-background-overlay\"><\/div>\n\t\t\t\t\t\t\t<div class=\"elementor-container elementor-column-gap-default\">\n\t\t\t\t\t<div class=\"elementor-column elementor-col-100 elementor-top-column elementor-element elementor-element-6043b7ca\" data-id=\"6043b7ca\" data-element_type=\"column\" data-e-type=\"column\">\n\t\t\t<div class=\"elementor-widget-wrap elementor-element-populated\">\n\t\t\t\t\t\t<section class=\"elementor-section elementor-inner-section elementor-element elementor-element-e7dded0 animated-slow elementor-section-boxed elementor-section-height-default elementor-section-height-default elementor-invisible\" data-id=\"e7dded0\" data-element_type=\"section\" data-e-type=\"section\" data-settings=\"{&quot;animation&quot;:&quot;fadeInLeft&quot;,&quot;background_background&quot;:&quot;classic&quot;,&quot;jet_parallax_layout_list&quot;:[{&quot;jet_parallax_layout_image&quot;:{&quot;url&quot;:&quot;&quot;,&quot;id&quot;:&quot;&quot;,&quot;size&quot;:&quot;&quot;},&quot;_id&quot;:&quot;84dd9a0&quot;,&quot;jet_parallax_layout_image_tablet&quot;:{&quot;url&quot;:&quot;&quot;,&quot;id&quot;:&quot;&quot;,&quot;size&quot;:&quot;&quot;},&quot;jet_parallax_layout_image_mobile&quot;:{&quot;url&quot;:&quot;&quot;,&quot;id&quot;:&quot;&quot;,&quot;size&quot;:&quot;&quot;},&quot;jet_parallax_layout_speed&quot;:{&quot;unit&quot;:&quot;%&quot;,&quot;size&quot;:50,&quot;sizes&quot;:[]},&quot;jet_parallax_layout_type&quot;:&quot;scroll&quot;,&quot;jet_parallax_layout_direction&quot;:null,&quot;jet_parallax_layout_fx_direction&quot;:null,&quot;jet_parallax_layout_z_index&quot;:&quot;&quot;,&quot;jet_parallax_layout_bg_x&quot;:50,&quot;jet_parallax_layout_bg_x_tablet&quot;:&quot;&quot;,&quot;jet_parallax_layout_bg_x_mobile&quot;:&quot;&quot;,&quot;jet_parallax_layout_bg_y&quot;:50,&quot;jet_parallax_layout_bg_y_tablet&quot;:&quot;&quot;,&quot;jet_parallax_layout_bg_y_mobile&quot;:&quot;&quot;,&quot;jet_parallax_layout_bg_size&quot;:&quot;auto&quot;,&quot;jet_parallax_layout_bg_size_tablet&quot;:&quot;&quot;,&quot;jet_parallax_layout_bg_size_mobile&quot;:&quot;&quot;,&quot;jet_parallax_layout_animation_prop&quot;:&quot;transform&quot;,&quot;jet_parallax_layout_on&quot;:[&quot;desktop&quot;,&quot;tablet&quot;]}]}\">\n\t\t\t\t\t\t<div class=\"elementor-container elementor-column-gap-default\">\n\t\t\t\t\t<div class=\"elementor-column elementor-col-100 elementor-inner-column elementor-element elementor-element-15bc7278\" data-id=\"15bc7278\" data-element_type=\"column\" data-e-type=\"column\">\n\t\t\t<div class=\"elementor-widget-wrap elementor-element-populated\">\n\t\t\t\t\t\t<div class=\"elementor-element elementor-element-2c2e0711 elementor-widget elementor-widget-heading\" data-id=\"2c2e0711\" data-element_type=\"widget\" data-e-type=\"widget\" data-widget_type=\"heading.default\">\n\t\t\t\t\t<h3 class=\"elementor-heading-title elementor-size-default\">\u00bfFunciona la oraci\u00f3n y, si es as\u00ed, por qu\u00e9?<\/h3>\t\t\t\t<\/div>\n\t\t\t\t\t<\/div>\n\t\t<\/div>\n\t\t\t\t\t<\/div>\n\t\t<\/section>\n\t\t\t\t\t<\/div>\n\t\t<\/div>\n\t\t\t\t\t<\/div>\n\t\t<\/section>\n\t\t\t\t<section class=\"elementor-section elementor-top-section elementor-element elementor-element-77a11ba6 elementor-reverse-mobile elementor-section-boxed elementor-section-height-default elementor-section-height-default\" data-id=\"77a11ba6\" data-element_type=\"section\" data-e-type=\"section\" data-settings=\"{&quot;jet_parallax_layout_list&quot;:[{&quot;jet_parallax_layout_image&quot;:{&quot;url&quot;:&quot;&quot;,&quot;id&quot;:&quot;&quot;,&quot;size&quot;:&quot;&quot;},&quot;_id&quot;:&quot;51c3163&quot;,&quot;jet_parallax_layout_image_tablet&quot;:{&quot;url&quot;:&quot;&quot;,&quot;id&quot;:&quot;&quot;,&quot;size&quot;:&quot;&quot;},&quot;jet_parallax_layout_image_mobile&quot;:{&quot;url&quot;:&quot;&quot;,&quot;id&quot;:&quot;&quot;,&quot;size&quot;:&quot;&quot;},&quot;jet_parallax_layout_speed&quot;:{&quot;unit&quot;:&quot;%&quot;,&quot;size&quot;:50,&quot;sizes&quot;:[]},&quot;jet_parallax_layout_type&quot;:&quot;scroll&quot;,&quot;jet_parallax_layout_direction&quot;:null,&quot;jet_parallax_layout_fx_direction&quot;:null,&quot;jet_parallax_layout_z_index&quot;:&quot;&quot;,&quot;jet_parallax_layout_bg_x&quot;:50,&quot;jet_parallax_layout_bg_x_tablet&quot;:&quot;&quot;,&quot;jet_parallax_layout_bg_x_mobile&quot;:&quot;&quot;,&quot;jet_parallax_layout_bg_y&quot;:50,&quot;jet_parallax_layout_bg_y_tablet&quot;:&quot;&quot;,&quot;jet_parallax_layout_bg_y_mobile&quot;:&quot;&quot;,&quot;jet_parallax_layout_bg_size&quot;:&quot;auto&quot;,&quot;jet_parallax_layout_bg_size_tablet&quot;:&quot;&quot;,&quot;jet_parallax_layout_bg_size_mobile&quot;:&quot;&quot;,&quot;jet_parallax_layout_animation_prop&quot;:&quot;transform&quot;,&quot;jet_parallax_layout_on&quot;:[&quot;desktop&quot;,&quot;tablet&quot;]}],&quot;background_background&quot;:&quot;classic&quot;}\">\n\t\t\t\t\t\t<div class=\"elementor-container elementor-column-gap-default\">\n\t\t\t\t\t<div class=\"elementor-column elementor-col-100 elementor-top-column elementor-element elementor-element-78a0fc96\" data-id=\"78a0fc96\" data-element_type=\"column\" data-e-type=\"column\">\n\t\t\t<div class=\"elementor-widget-wrap elementor-element-populated\">\n\t\t\t\t\t\t<div class=\"elementor-element elementor-element-7fd6bc4f elementor-widget elementor-widget-text-editor\" data-id=\"7fd6bc4f\" data-element_type=\"widget\" data-e-type=\"widget\" data-widget_type=\"text-editor.default\">\n\t\t\t\t\t\t\t\t\t<p><a href=\"https:\/\/damianmaxson.com\/wp-content\/uploads\/2022\/09\/gebet.jpg\"><img loading=\"lazy\" decoding=\"async\" class=\"alignleft wp-image-1798 size-medium\" title=\"Foto de Ric Rodrigues: https:\/\/www.pexels.com\/de-de\/foto\/mann-mit-geschlossenen-augen-der-sein-gesicht-mit-beiden-handen-halt-1309052\/\" src=\"https:\/\/damianmaxson.com\/wp-content\/uploads\/2022\/09\/gebet-300x169.jpg\" alt=\"\" width=\"300\" height=\"169\" srcset=\"https:\/\/damianmaxson.com\/wp-content\/uploads\/2022\/09\/gebet-300x169.jpg 300w, https:\/\/damianmaxson.com\/wp-content\/uploads\/2022\/09\/gebet-1024x576.jpg 1024w, https:\/\/damianmaxson.com\/wp-content\/uploads\/2022\/09\/gebet-768x432.jpg 768w, https:\/\/damianmaxson.com\/wp-content\/uploads\/2022\/09\/gebet-1536x864.jpg 1536w, https:\/\/damianmaxson.com\/wp-content\/uploads\/2022\/09\/gebet.jpg 1920w\" sizes=\"auto, (max-width: 300px) 100vw, 300px\" \/><\/a><\/p><p>Se habla mucho de la oraci\u00f3n y de la esperanza que conlleva.<\/p><p>Pero si la oraci\u00f3n realmente ayuda y por qu\u00e9, no se puede leer en ninguna parte.\u00a0<\/p><p>He desarrollado una teor\u00eda empinada para esto. Como ocurre a menudo, es dif\u00edcil distinguir si se trata ahora del esp\u00edritu santo y, por tanto, de la verdad, o si s\u00f3lo procede de la agitaci\u00f3n de nuestra mente y de los canales relacionados con ella.\u00a0<\/p><p>Tal vez empiece por lo m\u00e1s b\u00e1sico. Vivimos en 3 dimensiones con 5 sentidos. Esto significa que percibimos nuestro entorno con los ojos, las manos, la nariz, etc. en 3 dimensiones, derecha, izquierda, arriba y abajo.\u00a0<\/p><p>Pero no percibimos otra dimensi\u00f3n con nuestros ojos y o\u00eddos, y sin embargo est\u00e1 ah\u00ed.\u00a0<\/p><p>Algunas personas pueden sentir que hay m\u00e1s, algunas ven cosas extra\u00f1as, pero la mayor\u00eda de nosotros vivimos exclusivamente en las 3 dimensiones normalmente perceptibles.\u00a0<\/p><p>Ahora bien, \u00bfqu\u00e9 tiene que ver todo esto con el efecto de la oraci\u00f3n?\u00a0<\/p><p>Me temo que tengo que dar m\u00e1s detalles.\u00a0<\/p><p>Cuando un ser humano muere, deja su cuerpo y entra en esta dimensi\u00f3n, que se percibe directamente despu\u00e9s de la muerte, es decir, en cuanto el cuerpo ya no puede funcionar correctamente.\u00a0<\/p><p>Entonces te encuentras en este punto, ya sea por un corto tiempo hasta que puedas volver a casa a la eternidad o te quedas atascado all\u00ed porque no puedes llegar m\u00e1s lejos.<\/p><p>El famoso t\u00fanel y la luz blanca no llegan para algunos.\u00a0<\/p><p>\u00bfQu\u00e9 conclusiones podemos sacar de esto? Que todo lo que es invisible para nosotros en esta dimensi\u00f3n son esp\u00edritus perdidos y de ninguna manera figuras confiables. Las almas puras son conducidas directamente a casa, me pregunto entonces qu\u00e9 pasa con el resto.\u00a0<\/p><p><span style=\"color: var( --e-global-color-text ); font-family: var( --e-global-typography-text-font-family ), Sans-serif;\">No tienes que creer lo que lees aqu\u00ed, pero cuando llegas al punto en que realmente entiendes y sabes que existe m\u00e1s, lo que escribo es muy importante.\u00a0<\/span><\/p><p><span style=\"color: var( --e-global-color-text ); font-family: var( --e-global-typography-text-font-family ), Sans-serif;\">No todo lo que hay entre el cielo y la tierra es bueno. Por el contrario, bastante peligroso y manipulador.<\/span><\/p><p><span style=\"color: var( --e-global-color-text ); font-family: var( --e-global-typography-text-font-family ), Sans-serif;\">Almas para las que hay una raz\u00f3n por la que est\u00e1n donde est\u00e1n. Su sustancia ya no era lo suficientemente parecida al bien y ya no pod\u00edan ser un peligro para el bien, que tambi\u00e9n hab\u00edan vivido plenamente en la tierra, pero que ahora est\u00e1n bloqueados porque la eternidad, nuestro hogar, est\u00e1 libre del mal.\u00a0<\/span><\/p><p><span style=\"color: var( --e-global-color-text ); font-family: var( --e-global-typography-text-font-family ), Sans-serif;\">Estos esp\u00edritus nos ven y conocen la verdad, no hay necesidad de discutir si hay vida fuera de un cuerpo. Tambi\u00e9n saben que el camino a la eternidad est\u00e1 bloqueado para ellos, que se lo han jugado todo, por as\u00ed decirlo. Lo \u00fanico que les queda es hacer el mayor da\u00f1o posible.\u00a0<\/span><\/p><p><span style=\"color: var( --e-global-color-text ); font-family: var( --e-global-typography-text-font-family ), Sans-serif;\">Ahora ya se sabe, la teor\u00eda, el mal gobierna una dimensi\u00f3n por encima de nosotros, los buenos hace tiempo que se fueron y nosotros aqu\u00ed podemos jugar a la gallina ciega y no sabemos lo que nos pasa.\u00a0\u00a0<\/span><\/p><p><span style=\"color: var( --e-global-color-text ); font-family: var( --e-global-typography-text-font-family ), Sans-serif;\">Ahora por fin puedo terminar lo que es la oraci\u00f3n.\u00a0<\/span><\/p><p><span style=\"color: var( --e-global-color-text ); font-family: var( --e-global-typography-text-font-family ), Sans-serif;\">Si todav\u00eda hay diferentes niveles entre el cielo y nosotros y si estos est\u00e1n llenos de esp\u00edritus malignos, la conexi\u00f3n de nosotros con el cielo est\u00e1 sin embargo fuertemente cargada, si a veces incluso bloqueada al m\u00e1ximo.<\/span><\/p><p><span style=\"color: var( --e-global-color-text ); font-family: var( --e-global-typography-text-font-family ), Sans-serif;\">La oraci\u00f3n establece una conexi\u00f3n con el hogar, nos conecta con nuestro origen. Entonces nos alineamos para el bien, a los esp\u00edritus no les gusta esta conexi\u00f3n. Prefieren amar a los afines o a los da\u00f1ados, a los defectuosos, a los que ya tienen bastante.\u00a0<\/span><\/p><p><span style=\"color: var( --e-global-color-text ); font-family: var( --e-global-typography-text-font-family ), Sans-serif;\">Los que realmente rezan mucho de coraz\u00f3n y tienen una buena conexi\u00f3n con la patria, con su Creador o con Jes\u00fas, est\u00e1n mucho menos agobiados, porque en principio son libres, ya que a los esp\u00edritus malignos no les gustan las personas positivas, buenas, no exitosas, prefieren ir detr\u00e1s de las personas que ya est\u00e1n al borde de la ruina de cualquier manera, para darles la \u00faltima patada a la ruina o para llevarlos paso a paso a la misma ruina.\u00a0\u00a0<\/span><\/p><p>Tambi\u00e9n ser\u00e1 la raz\u00f3n por la que los que ya tienen mucho recibir\u00e1n a\u00fan m\u00e1s y los que ya son pobres ser\u00e1n cada vez m\u00e1s pobres.\u00a0<\/p><p>La oraci\u00f3n purifica nuestro entorno inmediato y abre la conexi\u00f3n con nuestro origen. Esto funciona f\u00e1cil y r\u00e1pidamente, pero necesita cierta continuidad, ya que la calidad de la conexi\u00f3n disminuye si no se reza de vez en cuando.\u00a0<\/p><p>Me lo imagino as\u00ed, un esp\u00edritu piensa, oh querido, ahora reza y se va, porque la oraci\u00f3n le molesta y en realidad prefiere algo a su gusto. S\u00f3lo vendr\u00e1 de nuevo cuando ya no le moleste, cuando nos volvamos a sentir mal y nos quejemos, entonces estar\u00e1 de nuevo ah\u00ed, as\u00ed se sentir\u00e1 bien, eso es lo que quiere, que nos sintamos cada vez peor.\u00a0<\/p><p>Yo mismo lo he experimentado, estaba deprimido al m\u00e1ximo, puse el grito en el cielo y la depresi\u00f3n se esfum\u00f3 durante 2 d\u00edas.\u00a0<\/p><p>Pero despu\u00e9s de 2 d\u00edas fue como antes, lamentablemente no entend\u00ed en ese momento que es importante no s\u00f3lo gritar una vez, sino rezar constantemente. \u00bfQu\u00e9 medicamento en esta tierra puede quitar una enfermedad en el acto durante 2 d\u00edas sin efectos secundarios y adicciones?\u00a0<\/p><p>Cierto, ninguno, pero no quiero decir que la depresi\u00f3n sea un esp\u00edritu maligno, pero la fuerza y la calidad de nuestras oraciones pueden hacer mucho.\u00a0<\/p><p>Sol\u00eda odiar cuando alguien dec\u00eda: \"Est\u00e1s deprimido, s\u00f3lo necesitas rezar m\u00e1s o no rezas lo suficiente\". Pero la vida me ha ense\u00f1ado lo contrario. La oraci\u00f3n es el arma m\u00e1s poderosa para nuestras vidas. La depresi\u00f3n tiene muchas formas y los antidepresivos son un intento de defensa por parte de la gente, que adem\u00e1s no es realmente una soluci\u00f3n sostenible.\u00a0<\/p><p>La oraci\u00f3n puede crear resiliencia, dif\u00edcilmente lo creer\u00edas si no lo experimentaras t\u00fa mismo.\u00a0<\/p><p>Mi teor\u00eda empinada viene de aqu\u00ed mismo, me pregunt\u00e9 c\u00f3mo es posible que una enfermedad desaparezca durante 2 d\u00edas y de repente vuelva a aparecer. \u00bfQu\u00e9 mecanismo est\u00e1 en marcha?\u00a0<\/p><p>Mi inter\u00e9s por las experiencias cercanas a la muerte y mis experiencias con la depresi\u00f3n y la fe, as\u00ed como mis oraciones, me llevaron a estas conclusiones.\u00a0\u00a0<\/p><p>Y por \u00faltimo, perm\u00edtanme decir esto. Las experiencias cercanas a la muerte son reales, no son producto de nuestra imaginaci\u00f3n. Hoy se pueden ver muchos testimonios. El bando que siempre dice que son alucinaciones siempre omite el punto de que las personas que informan de tales experiencias perciben cosas y circunstancias que s\u00f3lo se pueden ver desde la posici\u00f3n fuera del cuerpo.\u00a0<\/p><p>Ahora hay innumerables informes como este en todo el mundo.\u00a0<\/p><p>\u00a0<\/p><p>\u00a0<\/p>\t\t\t\t\t\t\t\t<\/div>\n\t\t\t\t<div class=\"elementor-element elementor-element-1c98008e elementor-grid-2 elementor-grid-tablet-2 elementor-grid-mobile-1 elementor-posts--thumbnail-top elementor-card-shadow-yes elementor-posts__hover-gradient elementor-widget elementor-widget-posts\" data-id=\"1c98008e\" data-element_type=\"widget\" data-e-type=\"widget\" data-settings=\"{&quot;cards_columns&quot;:&quot;2&quot;,&quot;pagination_type&quot;:&quot;numbers_and_prev_next&quot;,&quot;cards_row_gap&quot;:{&quot;unit&quot;:&quot;px&quot;,&quot;size&quot;:32,&quot;sizes&quot;:[]},&quot;cards_columns_tablet&quot;:&quot;2&quot;,&quot;cards_columns_mobile&quot;:&quot;1&quot;,&quot;cards_row_gap_tablet&quot;:{&quot;unit&quot;:&quot;px&quot;,&quot;size&quot;:&quot;&quot;,&quot;sizes&quot;:[]},&quot;cards_row_gap_mobile&quot;:{&quot;unit&quot;:&quot;px&quot;,&quot;size&quot;:&quot;&quot;,&quot;sizes&quot;:[]}}\" data-widget_type=\"posts.cards\">\n\t\t\t\t<div class=\"elementor-widget-container\">\n\t\t\t\t\t\t\t<div class=\"elementor-posts-container elementor-posts elementor-posts--skin-cards elementor-grid\" role=\"list\">\n\t\t\t\t<article class=\"elementor-post elementor-grid-item post-1615 post type-post status-publish format-standard has-post-thumbnail hentry category-glauben\" role=\"listitem\">\n\t\t\t<div class=\"elementor-post__card\">\n\t\t\t\t<a class=\"elementor-post__thumbnail__link\" href=\"https:\/\/damianmaxson.com\/es\/jesus-mi-salvador\/\" tabindex=\"-1\" ><div class=\"elementor-post__thumbnail\"><img loading=\"lazy\" decoding=\"async\" width=\"1519\" height=\"1920\" src=\"https:\/\/damianmaxson.com\/wp-content\/uploads\/2021\/05\/jesus-4997740_1920.jpg\" class=\"attachment-full size-full wp-image-1626\" alt=\"\" srcset=\"https:\/\/damianmaxson.com\/wp-content\/uploads\/2021\/05\/jesus-4997740_1920.jpg 1519w, https:\/\/damianmaxson.com\/wp-content\/uploads\/2021\/05\/jesus-4997740_1920-237x300.jpg 237w, https:\/\/damianmaxson.com\/wp-content\/uploads\/2021\/05\/jesus-4997740_1920-810x1024.jpg 810w, https:\/\/damianmaxson.com\/wp-content\/uploads\/2021\/05\/jesus-4997740_1920-768x971.jpg 768w, https:\/\/damianmaxson.com\/wp-content\/uploads\/2021\/05\/jesus-4997740_1920-1215x1536.jpg 1215w\" sizes=\"auto, (max-width: 1519px) 100vw, 1519px\" \/><\/div><\/a>\n\t\t\t\t<div class=\"elementor-post__text\">\n\t\t\t\t<h3 class=\"elementor-post__title\">\n\t\t\t<a href=\"https:\/\/damianmaxson.com\/es\/jesus-mi-salvador\/\" >\n\t\t\t\tJes\u00fas tu Salvador\t\t\t<\/a>\n\t\t<\/h3>\n\t\t\t\t<div class=\"elementor-post__excerpt\">\n\t\t\t<p>Ha pasado mucho tiempo desde que entraste en mi vida. Todav\u00eda puedo recordar<\/p>\n\t\t<\/div>\n\t\t\n\t\t<a class=\"elementor-post__read-more\" href=\"https:\/\/damianmaxson.com\/es\/jesus-mi-salvador\/\" aria-label=\"M\u00e1s informaci\u00f3n sobre Jesus your Saviour\" tabindex=\"-1\" >\n\t\t\tm\u00e1s\"\t\t<\/a>\n\n\t\t\t\t<\/div>\n\t\t\t\t\t<\/div>\n\t\t<\/article>\n\t\t\t\t<article class=\"elementor-post elementor-grid-item post-1648 post type-post status-publish format-standard has-post-thumbnail hentry category-glauben\" role=\"listitem\">\n\t\t\t<div class=\"elementor-post__card\">\n\t\t\t\t<a class=\"elementor-post__thumbnail__link\" href=\"https:\/\/damianmaxson.com\/es\/bits-y-bytes-para-el-maestro\/\" tabindex=\"-1\" ><div class=\"elementor-post__thumbnail\"><img loading=\"lazy\" decoding=\"async\" width=\"1920\" height=\"1280\" src=\"https:\/\/damianmaxson.com\/wp-content\/uploads\/2021\/05\/dove-3426159_1920.jpg\" class=\"attachment-full size-full wp-image-1650\" alt=\"\" srcset=\"https:\/\/damianmaxson.com\/wp-content\/uploads\/2021\/05\/dove-3426159_1920.jpg 1920w, https:\/\/damianmaxson.com\/wp-content\/uploads\/2021\/05\/dove-3426159_1920-300x200.jpg 300w, https:\/\/damianmaxson.com\/wp-content\/uploads\/2021\/05\/dove-3426159_1920-1024x683.jpg 1024w, https:\/\/damianmaxson.com\/wp-content\/uploads\/2021\/05\/dove-3426159_1920-768x512.jpg 768w, https:\/\/damianmaxson.com\/wp-content\/uploads\/2021\/05\/dove-3426159_1920-1536x1024.jpg 1536w\" sizes=\"auto, (max-width: 1920px) 100vw, 1920px\" \/><\/div><\/a>\n\t\t\t\t<div class=\"elementor-post__text\">\n\t\t\t\t<h3 class=\"elementor-post__title\">\n\t\t\t<a href=\"https:\/\/damianmaxson.com\/es\/bits-y-bytes-para-el-maestro\/\" >\n\t\t\t\tBits y Bytes para el Se\u00f1or\t\t\t<\/a>\n\t\t<\/h3>\n\t\t\t\t<div class=\"elementor-post__excerpt\">\n\t\t\t<p>\u00bfNo estamos todos siempre buscando? Todo ser humano puede estar con su imperfecci\u00f3n<\/p>\n\t\t<\/div>\n\t\t\n\t\t<a class=\"elementor-post__read-more\" href=\"https:\/\/damianmaxson.com\/es\/bits-y-bytes-para-el-maestro\/\" aria-label=\"M\u00e1s informaci\u00f3n sobre Bits and Bytes for the Lord\" tabindex=\"-1\" >\n\t\t\tm\u00e1s\"\t\t<\/a>\n\n\t\t\t\t<\/div>\n\t\t\t\t\t<\/div>\n\t\t<\/article>\n\t\t\t\t<article class=\"elementor-post elementor-grid-item post-1655 post type-post status-publish format-standard has-post-thumbnail hentry category-glauben\" role=\"listitem\">\n\t\t\t<div class=\"elementor-post__card\">\n\t\t\t\t<a class=\"elementor-post__thumbnail__link\" href=\"https:\/\/damianmaxson.com\/es\/cuando-volveras-a-estar-de-moda\/\" tabindex=\"-1\" ><div class=\"elementor-post__thumbnail\"><img loading=\"lazy\" decoding=\"async\" width=\"1920\" height=\"1204\" src=\"https:\/\/damianmaxson.com\/wp-content\/uploads\/2021\/05\/jesus-3643027_1920.jpg\" class=\"attachment-full size-full wp-image-1657\" alt=\"\" srcset=\"https:\/\/damianmaxson.com\/wp-content\/uploads\/2021\/05\/jesus-3643027_1920.jpg 1920w, https:\/\/damianmaxson.com\/wp-content\/uploads\/2021\/05\/jesus-3643027_1920-300x188.jpg 300w, https:\/\/damianmaxson.com\/wp-content\/uploads\/2021\/05\/jesus-3643027_1920-1024x642.jpg 1024w, https:\/\/damianmaxson.com\/wp-content\/uploads\/2021\/05\/jesus-3643027_1920-768x482.jpg 768w, https:\/\/damianmaxson.com\/wp-content\/uploads\/2021\/05\/jesus-3643027_1920-1536x963.jpg 1536w\" sizes=\"auto, (max-width: 1920px) 100vw, 1920px\" \/><\/div><\/a>\n\t\t\t\t<div class=\"elementor-post__text\">\n\t\t\t\t<h3 class=\"elementor-post__title\">\n\t\t\t<a href=\"https:\/\/damianmaxson.com\/es\/cuando-volveras-a-estar-de-moda\/\" >\n\t\t\t\t\u00bfCu\u00e1ndo volver\u00e1s a estar de moda?\t\t\t<\/a>\n\t\t<\/h3>\n\t\t\t\t<div class=\"elementor-post__excerpt\">\n\t\t\t<p>No recuerdo el d\u00eda en que te di mi vida y que<\/p>\n\t\t<\/div>\n\t\t\n\t\t<a class=\"elementor-post__read-more\" href=\"https:\/\/damianmaxson.com\/es\/cuando-volveras-a-estar-de-moda\/\" aria-label=\"M\u00e1s informaci\u00f3n sobre \u00bfCu\u00e1ndo volver\u00e1s a estar de moda?\" tabindex=\"-1\" >\n\t\t\tm\u00e1s\"\t\t<\/a>\n\n\t\t\t\t<\/div>\n\t\t\t\t\t<\/div>\n\t\t<\/article>\n\t\t\t\t<article class=\"elementor-post elementor-grid-item post-1678 post type-post status-publish format-standard has-post-thumbnail hentry category-lieben\" role=\"listitem\">\n\t\t\t<div class=\"elementor-post__card\">\n\t\t\t\t<a class=\"elementor-post__thumbnail__link\" href=\"https:\/\/damianmaxson.com\/es\/en\/\" tabindex=\"-1\" ><div class=\"elementor-post__thumbnail\"><img loading=\"lazy\" decoding=\"async\" width=\"1920\" height=\"1280\" src=\"https:\/\/damianmaxson.com\/wp-content\/uploads\/2022\/09\/liebe.jpg\" class=\"attachment-full size-full wp-image-1683\" alt=\"\" srcset=\"https:\/\/damianmaxson.com\/wp-content\/uploads\/2022\/09\/liebe.jpg 1920w, https:\/\/damianmaxson.com\/wp-content\/uploads\/2022\/09\/liebe-300x200.jpg 300w, https:\/\/damianmaxson.com\/wp-content\/uploads\/2022\/09\/liebe-1024x683.jpg 1024w, https:\/\/damianmaxson.com\/wp-content\/uploads\/2022\/09\/liebe-768x512.jpg 768w, https:\/\/damianmaxson.com\/wp-content\/uploads\/2022\/09\/liebe-1536x1024.jpg 1536w\" sizes=\"auto, (max-width: 1920px) 100vw, 1920px\" \/><\/div><\/a>\n\t\t\t\t<div class=\"elementor-post__text\">\n\t\t\t\t<h3 class=\"elementor-post__title\">\n\t\t\t<a href=\"https:\/\/damianmaxson.com\/es\/en\/\" >\n\t\t\t\tEn b\u00fasqueda\t\t\t<\/a>\n\t\t<\/h3>\n\t\t\t\t<div class=\"elementor-post__excerpt\">\n\t\t\t<p>El amor, c\u00f3mo influye en nuestras vidas. Puede convertirse en la trampa de miel del hombre.<\/p>\n\t\t<\/div>\n\t\t\n\t\t<a class=\"elementor-post__read-more\" href=\"https:\/\/damianmaxson.com\/es\/en\/\" aria-label=\"M\u00e1s informaci\u00f3n sobre In search\" tabindex=\"-1\" >\n\t\t\tm\u00e1s\"\t\t<\/a>\n\n\t\t\t\t<\/div>\n\t\t\t\t\t<\/div>\n\t\t<\/article>\n\t\t\t\t<article class=\"elementor-post elementor-grid-item post-1730 post type-post status-publish format-standard has-post-thumbnail hentry category-leben\" role=\"listitem\">\n\t\t\t<div class=\"elementor-post__card\">\n\t\t\t\t<a class=\"elementor-post__thumbnail__link\" href=\"https:\/\/damianmaxson.com\/es\/una-vez-mas\/\" tabindex=\"-1\" ><div class=\"elementor-post__thumbnail\"><img loading=\"lazy\" decoding=\"async\" width=\"1920\" height=\"1080\" src=\"https:\/\/damianmaxson.com\/wp-content\/uploads\/2022\/09\/freiheit.jpg\" class=\"attachment-full size-full wp-image-1735\" alt=\"\" srcset=\"https:\/\/damianmaxson.com\/wp-content\/uploads\/2022\/09\/freiheit.jpg 1920w, https:\/\/damianmaxson.com\/wp-content\/uploads\/2022\/09\/freiheit-300x169.jpg 300w, https:\/\/damianmaxson.com\/wp-content\/uploads\/2022\/09\/freiheit-1024x576.jpg 1024w, https:\/\/damianmaxson.com\/wp-content\/uploads\/2022\/09\/freiheit-768x432.jpg 768w, https:\/\/damianmaxson.com\/wp-content\/uploads\/2022\/09\/freiheit-1536x864.jpg 1536w\" sizes=\"auto, (max-width: 1920px) 100vw, 1920px\" \/><\/div><\/a>\n\t\t\t\t<div class=\"elementor-post__text\">\n\t\t\t\t<h3 class=\"elementor-post__title\">\n\t\t\t<a href=\"https:\/\/damianmaxson.com\/es\/una-vez-mas\/\" >\n\t\t\t\tUna alegr\u00eda para nuestro tiempo\t\t\t<\/a>\n\t\t<\/h3>\n\t\t\t\t<div class=\"elementor-post__excerpt\">\n\t\t\t<p>\u00bfNo son estos tiempos de tensi\u00f3n? El mundo parece estar al borde del abismo. La fecha de caducidad del<\/p>\n\t\t<\/div>\n\t\t\n\t\t<a class=\"elementor-post__read-more\" href=\"https:\/\/damianmaxson.com\/es\/una-vez-mas\/\" aria-label=\"M\u00e1s informaci\u00f3n sobre Un brindis por nuestro tiempo\" tabindex=\"-1\" >\n\t\t\tm\u00e1s\"\t\t<\/a>\n\n\t\t\t\t<\/div>\n\t\t\t\t\t<\/div>\n\t\t<\/article>\n\t\t\t\t<article class=\"elementor-post elementor-grid-item post-1797 post type-post status-publish format-standard has-post-thumbnail hentry category-glauben\" role=\"listitem\">\n\t\t\t<div class=\"elementor-post__card\">\n\t\t\t\t<a class=\"elementor-post__thumbnail__link\" href=\"https:\/\/damianmaxson.com\/es\/obras-oracion-cuando-si-porque\/\" tabindex=\"-1\" ><div class=\"elementor-post__thumbnail\"><img loading=\"lazy\" decoding=\"async\" width=\"1920\" height=\"1080\" src=\"https:\/\/damianmaxson.com\/wp-content\/uploads\/2022\/09\/gebet.jpg\" class=\"attachment-full size-full wp-image-1798\" alt=\"\" srcset=\"https:\/\/damianmaxson.com\/wp-content\/uploads\/2022\/09\/gebet.jpg 1920w, https:\/\/damianmaxson.com\/wp-content\/uploads\/2022\/09\/gebet-300x169.jpg 300w, https:\/\/damianmaxson.com\/wp-content\/uploads\/2022\/09\/gebet-1024x576.jpg 1024w, https:\/\/damianmaxson.com\/wp-content\/uploads\/2022\/09\/gebet-768x432.jpg 768w, https:\/\/damianmaxson.com\/wp-content\/uploads\/2022\/09\/gebet-1536x864.jpg 1536w\" sizes=\"auto, (max-width: 1920px) 100vw, 1920px\" \/><\/div><\/a>\n\t\t\t\t<div class=\"elementor-post__text\">\n\t\t\t\t<h3 class=\"elementor-post__title\">\n\t\t\t<a href=\"https:\/\/damianmaxson.com\/es\/obras-oracion-cuando-si-porque\/\" >\n\t\t\t\t\u00bfFunciona la oraci\u00f3n y, si es as\u00ed, por qu\u00e9?\t\t\t<\/a>\n\t\t<\/h3>\n\t\t\t\t<div class=\"elementor-post__excerpt\">\n\t\t\t<p>Se habla mucho de la oraci\u00f3n y de la esperanza asociada a ella. Pero si la oraci\u00f3n<\/p>\n\t\t<\/div>\n\t\t\n\t\t<a class=\"elementor-post__read-more\" href=\"https:\/\/damianmaxson.com\/es\/obras-oracion-cuando-si-porque\/\" aria-label=\"M\u00e1s informaci\u00f3n sobre \u00bfFunciona la oraci\u00f3n y por qu\u00e9?\" tabindex=\"-1\" >\n\t\t\tm\u00e1s\"\t\t<\/a>\n\n\t\t\t\t<\/div>\n\t\t\t\t\t<\/div>\n\t\t<\/article>\n\t\t\t\t<article class=\"elementor-post elementor-grid-item post-1818 post type-post status-publish format-standard has-post-thumbnail hentry category-leben\" role=\"listitem\">\n\t\t\t<div class=\"elementor-post__card\">\n\t\t\t\t<a class=\"elementor-post__thumbnail__link\" href=\"https:\/\/damianmaxson.com\/es\/la-cosas-con-diccion\/\" tabindex=\"-1\" ><div class=\"elementor-post__thumbnail\"><img loading=\"lazy\" decoding=\"async\" width=\"1920\" height=\"1080\" src=\"https:\/\/damianmaxson.com\/wp-content\/uploads\/2022\/09\/sucht.jpg\" class=\"attachment-full size-full wp-image-1820\" alt=\"\" srcset=\"https:\/\/damianmaxson.com\/wp-content\/uploads\/2022\/09\/sucht.jpg 1920w, https:\/\/damianmaxson.com\/wp-content\/uploads\/2022\/09\/sucht-300x169.jpg 300w, https:\/\/damianmaxson.com\/wp-content\/uploads\/2022\/09\/sucht-1024x576.jpg 1024w, https:\/\/damianmaxson.com\/wp-content\/uploads\/2022\/09\/sucht-768x432.jpg 768w, https:\/\/damianmaxson.com\/wp-content\/uploads\/2022\/09\/sucht-1536x864.jpg 1536w\" sizes=\"auto, (max-width: 1920px) 100vw, 1920px\" \/><\/div><\/a>\n\t\t\t\t<div class=\"elementor-post__text\">\n\t\t\t\t<h3 class=\"elementor-post__title\">\n\t\t\t<a href=\"https:\/\/damianmaxson.com\/es\/la-cosas-con-diccion\/\" >\n\t\t\t\tLo que pasa con la adicci\u00f3n\t\t\t<\/a>\n\t\t<\/h3>\n\t\t\t\t<div class=\"elementor-post__excerpt\">\n\t\t\t<p>La vida est\u00e1 casi saturada de adicciones, muchas apenas se notan, sin embargo hay casi<\/p>\n\t\t<\/div>\n\t\t\n\t\t<a class=\"elementor-post__read-more\" href=\"https:\/\/damianmaxson.com\/es\/la-cosas-con-diccion\/\" aria-label=\"M\u00e1s informaci\u00f3n sobre The thing with addiction\" tabindex=\"-1\" >\n\t\t\tm\u00e1s\"\t\t<\/a>\n\n\t\t\t\t<\/div>\n\t\t\t\t\t<\/div>\n\t\t<\/article>\n\t\t\t\t<article class=\"elementor-post elementor-grid-item post-1903 post type-post status-publish format-standard has-post-thumbnail hentry category-leben\" role=\"listitem\">\n\t\t\t<div class=\"elementor-post__card\">\n\t\t\t\t<a class=\"elementor-post__thumbnail__link\" href=\"https:\/\/damianmaxson.com\/es\/hay-vida-despues-de-la-muerte\/\" tabindex=\"-1\" ><div class=\"elementor-post__thumbnail\"><img loading=\"lazy\" decoding=\"async\" width=\"1920\" height=\"1080\" src=\"https:\/\/damianmaxson.com\/wp-content\/uploads\/2022\/09\/gibt_es_ein_Leben_nach_dem_Tod.jpg\" class=\"attachment-full size-full wp-image-1912\" alt=\"\" srcset=\"https:\/\/damianmaxson.com\/wp-content\/uploads\/2022\/09\/gibt_es_ein_Leben_nach_dem_Tod.jpg 1920w, https:\/\/damianmaxson.com\/wp-content\/uploads\/2022\/09\/gibt_es_ein_Leben_nach_dem_Tod-300x169.jpg 300w, https:\/\/damianmaxson.com\/wp-content\/uploads\/2022\/09\/gibt_es_ein_Leben_nach_dem_Tod-1024x576.jpg 1024w, https:\/\/damianmaxson.com\/wp-content\/uploads\/2022\/09\/gibt_es_ein_Leben_nach_dem_Tod-768x432.jpg 768w, https:\/\/damianmaxson.com\/wp-content\/uploads\/2022\/09\/gibt_es_ein_Leben_nach_dem_Tod-1536x864.jpg 1536w\" sizes=\"auto, (max-width: 1920px) 100vw, 1920px\" \/><\/div><\/a>\n\t\t\t\t<div class=\"elementor-post__text\">\n\t\t\t\t<h3 class=\"elementor-post__title\">\n\t\t\t<a href=\"https:\/\/damianmaxson.com\/es\/hay-vida-despues-de-la-muerte\/\" >\n\t\t\t\t\u00bfHay vida despu\u00e9s de la muerte?\t\t\t<\/a>\n\t\t<\/h3>\n\t\t\t\t<div class=\"elementor-post__excerpt\">\n\t\t\t<p>Una de las preguntas m\u00e1s importantes que puede hacerse la gente. \u00bfQu\u00e9 pasa con el<\/p>\n\t\t<\/div>\n\t\t\n\t\t<a class=\"elementor-post__read-more\" href=\"https:\/\/damianmaxson.com\/es\/hay-vida-despues-de-la-muerte\/\" aria-label=\"M\u00e1s informaci\u00f3n sobre \u00bfHay vida despu\u00e9s de la muerte?\" tabindex=\"-1\" >\n\t\t\tm\u00e1s\"\t\t<\/a>\n\n\t\t\t\t<\/div>\n\t\t\t\t\t<\/div>\n\t\t<\/article>\n\t\t\t\t<article class=\"elementor-post elementor-grid-item post-1944 post type-post status-publish format-standard has-post-thumbnail hentry category-lieben\" role=\"listitem\">\n\t\t\t<div class=\"elementor-post__card\">\n\t\t\t\t<a class=\"elementor-post__thumbnail__link\" href=\"https:\/\/damianmaxson.com\/es\/la-hermosa-oracion-para-el-amor\/\" tabindex=\"-1\" ><div class=\"elementor-post__thumbnail\"><img loading=\"lazy\" decoding=\"async\" width=\"1920\" height=\"1080\" src=\"https:\/\/damianmaxson.com\/wp-content\/uploads\/2022\/09\/ein_gebet_fuer_die_liebe.jpg\" class=\"attachment-full size-full wp-image-1949\" alt=\"\" srcset=\"https:\/\/damianmaxson.com\/wp-content\/uploads\/2022\/09\/ein_gebet_fuer_die_liebe.jpg 1920w, https:\/\/damianmaxson.com\/wp-content\/uploads\/2022\/09\/ein_gebet_fuer_die_liebe-300x169.jpg 300w, https:\/\/damianmaxson.com\/wp-content\/uploads\/2022\/09\/ein_gebet_fuer_die_liebe-1024x576.jpg 1024w, https:\/\/damianmaxson.com\/wp-content\/uploads\/2022\/09\/ein_gebet_fuer_die_liebe-768x432.jpg 768w, https:\/\/damianmaxson.com\/wp-content\/uploads\/2022\/09\/ein_gebet_fuer_die_liebe-1536x864.jpg 1536w\" sizes=\"auto, (max-width: 1920px) 100vw, 1920px\" \/><\/div><\/a>\n\t\t\t\t<div class=\"elementor-post__text\">\n\t\t\t\t<h3 class=\"elementor-post__title\">\n\t\t\t<a href=\"https:\/\/damianmaxson.com\/es\/la-hermosa-oracion-para-el-amor\/\" >\n\t\t\t\tLa m\u00e1s bella oraci\u00f3n de amor\t\t\t<\/a>\n\t\t<\/h3>\n\t\t\t\t<div class=\"elementor-post__excerpt\">\n\t\t\t<p>En la Biblia hay uno de los textos m\u00e1s bellos sobre el amor: el Cantar de los Cantares<\/p>\n\t\t<\/div>\n\t\t\n\t\t<a class=\"elementor-post__read-more\" href=\"https:\/\/damianmaxson.com\/es\/la-hermosa-oracion-para-el-amor\/\" aria-label=\"M\u00e1s informaci\u00f3n sobre La oraci\u00f3n m\u00e1s bella para el amor\" tabindex=\"-1\" >\n\t\t\tm\u00e1s\"\t\t<\/a>\n\n\t\t\t\t<\/div>\n\t\t\t\t\t<\/div>\n\t\t<\/article>\n\t\t\t\t<article class=\"elementor-post elementor-grid-item post-1963 post type-post status-publish format-standard has-post-thumbnail hentry category-leben\" role=\"listitem\">\n\t\t\t<div class=\"elementor-post__card\">\n\t\t\t\t<a class=\"elementor-post__thumbnail__link\" href=\"https:\/\/damianmaxson.com\/es\/depresion-apagon\/\" tabindex=\"-1\" ><div class=\"elementor-post__thumbnail\"><img loading=\"lazy\" decoding=\"async\" width=\"1920\" height=\"1080\" src=\"https:\/\/damianmaxson.com\/wp-content\/uploads\/2022\/10\/depressionen_burn_out.jpg\" class=\"attachment-full size-full wp-image-1975\" alt=\"\" srcset=\"https:\/\/damianmaxson.com\/wp-content\/uploads\/2022\/10\/depressionen_burn_out.jpg 1920w, https:\/\/damianmaxson.com\/wp-content\/uploads\/2022\/10\/depressionen_burn_out-300x169.jpg 300w, https:\/\/damianmaxson.com\/wp-content\/uploads\/2022\/10\/depressionen_burn_out-1024x576.jpg 1024w, https:\/\/damianmaxson.com\/wp-content\/uploads\/2022\/10\/depressionen_burn_out-768x432.jpg 768w, https:\/\/damianmaxson.com\/wp-content\/uploads\/2022\/10\/depressionen_burn_out-1536x864.jpg 1536w\" sizes=\"auto, (max-width: 1920px) 100vw, 1920px\" \/><\/div><\/a>\n\t\t\t\t<div class=\"elementor-post__text\">\n\t\t\t\t<h3 class=\"elementor-post__title\">\n\t\t\t<a href=\"https:\/\/damianmaxson.com\/es\/depresion-apagon\/\" >\n\t\t\t\tDepresi\u00f3n, agotamiento\t\t\t<\/a>\n\t\t<\/h3>\n\t\t\t\t<div class=\"elementor-post__excerpt\">\n\t\t\t<p>De alguna manera, este tema ha prevalecido en mi vida desde que tengo uso de raz\u00f3n.  Ya como<\/p>\n\t\t<\/div>\n\t\t\n\t\t<a class=\"elementor-post__read-more\" href=\"https:\/\/damianmaxson.com\/es\/depresion-apagon\/\" aria-label=\"M\u00e1s informaci\u00f3n sobre depresi\u00f3n, burnout\" tabindex=\"-1\" >\n\t\t\tm\u00e1s\"\t\t<\/a>\n\n\t\t\t\t<\/div>\n\t\t\t\t\t<\/div>\n\t\t<\/article>\n\t\t\t\t<article class=\"elementor-post elementor-grid-item post-1985 post type-post status-publish format-standard has-post-thumbnail hentry category-lieben\" role=\"listitem\">\n\t\t\t<div class=\"elementor-post__card\">\n\t\t\t\t<a class=\"elementor-post__thumbnail__link\" href=\"https:\/\/damianmaxson.com\/es\/pensar-lo-que-pensamos\/\" tabindex=\"-1\" ><div class=\"elementor-post__thumbnail\"><img loading=\"lazy\" decoding=\"async\" width=\"1920\" height=\"1096\" src=\"https:\/\/damianmaxson.com\/wp-content\/uploads\/2022\/10\/gebet.jpg\" class=\"attachment-full size-full wp-image-1987\" alt=\"por S. Hermann \/ F. Richter\" srcset=\"https:\/\/damianmaxson.com\/wp-content\/uploads\/2022\/10\/gebet.jpg 1920w, https:\/\/damianmaxson.com\/wp-content\/uploads\/2022\/10\/gebet-300x171.jpg 300w, https:\/\/damianmaxson.com\/wp-content\/uploads\/2022\/10\/gebet-1024x585.jpg 1024w, https:\/\/damianmaxson.com\/wp-content\/uploads\/2022\/10\/gebet-768x438.jpg 768w, https:\/\/damianmaxson.com\/wp-content\/uploads\/2022\/10\/gebet-1536x877.jpg 1536w\" sizes=\"auto, (max-width: 1920px) 100vw, 1920px\" \/><\/div><\/a>\n\t\t\t\t<div class=\"elementor-post__text\">\n\t\t\t\t<h3 class=\"elementor-post__title\">\n\t\t\t<a href=\"https:\/\/damianmaxson.com\/es\/pensar-lo-que-pensamos\/\" >\n\t\t\t\t\u00bfQu\u00e9 pensamos sobre\t\t\t<\/a>\n\t\t<\/h3>\n\t\t\t\t<div class=\"elementor-post__excerpt\">\n\t\t\t<p>\u00bfEn qu\u00e9 pensamos cuando pensamos en el amor? Una sensaci\u00f3n maravillosa, una de las m\u00e1s bellas<\/p>\n\t\t<\/div>\n\t\t\n\t\t<a class=\"elementor-post__read-more\" href=\"https:\/\/damianmaxson.com\/es\/pensar-lo-que-pensamos\/\" aria-label=\"M\u00e1s informaci\u00f3n sobre En qu\u00e9 estamos pensando\" tabindex=\"-1\" >\n\t\t\tm\u00e1s\"\t\t<\/a>\n\n\t\t\t\t<\/div>\n\t\t\t\t\t<\/div>\n\t\t<\/article>\n\t\t\t\t<article class=\"elementor-post elementor-grid-item post-2025 post type-post status-publish format-standard has-post-thumbnail hentry category-leben\" role=\"listitem\">\n\t\t\t<div class=\"elementor-post__card\">\n\t\t\t\t<a class=\"elementor-post__thumbnail__link\" href=\"https:\/\/damianmaxson.com\/es\/y-ewig-greets-the-duality\/\" tabindex=\"-1\" ><div class=\"elementor-post__thumbnail\"><img loading=\"lazy\" decoding=\"async\" width=\"900\" height=\"643\" src=\"https:\/\/damianmaxson.com\/wp-content\/uploads\/2022\/10\/WAAGE.jpg\" class=\"attachment-full size-full wp-image-2034\" alt=\"\" srcset=\"https:\/\/damianmaxson.com\/wp-content\/uploads\/2022\/10\/WAAGE.jpg 900w, https:\/\/damianmaxson.com\/wp-content\/uploads\/2022\/10\/WAAGE-300x214.jpg 300w, https:\/\/damianmaxson.com\/wp-content\/uploads\/2022\/10\/WAAGE-768x549.jpg 768w, https:\/\/damianmaxson.com\/wp-content\/uploads\/2022\/10\/WAAGE-18x12.jpg 18w\" sizes=\"auto, (max-width: 900px) 100vw, 900px\" \/><\/div><\/a>\n\t\t\t\t<div class=\"elementor-post__text\">\n\t\t\t\t<h3 class=\"elementor-post__title\">\n\t\t\t<a href=\"https:\/\/damianmaxson.com\/es\/y-ewig-greets-the-duality\/\" >\n\t\t\t\tY saluda eternamente a la dualidad\t\t\t<\/a>\n\t\t<\/h3>\n\t\t\t\t<div class=\"elementor-post__excerpt\">\n\t\t\t<p>S\u00ed, el t\u00edtulo est\u00e1 un poco sacado de la pel\u00edcula, con el nombre alem\u00e1n \"Und Ewig\".<\/p>\n\t\t<\/div>\n\t\t\n\t\t<a class=\"elementor-post__read-more\" href=\"https:\/\/damianmaxson.com\/es\/y-ewig-greets-the-duality\/\" aria-label=\"M\u00e1s informaci\u00f3n sobre Y saluda eternamente a la dualidad\" tabindex=\"-1\" >\n\t\t\tm\u00e1s\"\t\t<\/a>\n\n\t\t\t\t<\/div>\n\t\t\t\t\t<\/div>\n\t\t<\/article>\n\t\t\t\t<article class=\"elementor-post elementor-grid-item post-2066 post type-post status-publish format-standard has-post-thumbnail hentry category-leben\" role=\"listitem\">\n\t\t\t<div class=\"elementor-post__card\">\n\t\t\t\t<a class=\"elementor-post__thumbnail__link\" href=\"https:\/\/damianmaxson.com\/es\/volver-al-presente\/\" tabindex=\"-1\" ><div class=\"elementor-post__thumbnail\"><img loading=\"lazy\" decoding=\"async\" width=\"1920\" height=\"1280\" src=\"https:\/\/damianmaxson.com\/wp-content\/uploads\/2022\/11\/zurueck_in_die_gegenwart.webp\" class=\"attachment-full size-full wp-image-2068\" alt=\"\" srcset=\"https:\/\/damianmaxson.com\/wp-content\/uploads\/2022\/11\/zurueck_in_die_gegenwart.webp 1920w, https:\/\/damianmaxson.com\/wp-content\/uploads\/2022\/11\/zurueck_in_die_gegenwart-300x200.webp 300w, https:\/\/damianmaxson.com\/wp-content\/uploads\/2022\/11\/zurueck_in_die_gegenwart-1024x683.webp 1024w, https:\/\/damianmaxson.com\/wp-content\/uploads\/2022\/11\/zurueck_in_die_gegenwart-768x512.webp 768w, https:\/\/damianmaxson.com\/wp-content\/uploads\/2022\/11\/zurueck_in_die_gegenwart-1536x1024.webp 1536w, https:\/\/damianmaxson.com\/wp-content\/uploads\/2022\/11\/zurueck_in_die_gegenwart-18x12.webp 18w\" sizes=\"auto, (max-width: 1920px) 100vw, 1920px\" \/><\/div><\/a>\n\t\t\t\t<div class=\"elementor-post__text\">\n\t\t\t\t<h3 class=\"elementor-post__title\">\n\t\t\t<a href=\"https:\/\/damianmaxson.com\/es\/volver-al-presente\/\" >\n\t\t\t\tVolver al presente\t\t\t<\/a>\n\t\t<\/h3>\n\t\t\t\t<div class=\"elementor-post__excerpt\">\n\t\t\t<p>\u00bfPor qu\u00e9 hay que volver al presente, en realidad s\u00f3lo existe el ahora y el futuro?<\/p>\n\t\t<\/div>\n\t\t\n\t\t<a class=\"elementor-post__read-more\" href=\"https:\/\/damianmaxson.com\/es\/volver-al-presente\/\" aria-label=\"M\u00e1s informaci\u00f3n sobre Regreso al presente\" tabindex=\"-1\" >\n\t\t\tm\u00e1s\"\t\t<\/a>\n\n\t\t\t\t<\/div>\n\t\t\t\t\t<\/div>\n\t\t<\/article>\n\t\t\t\t<article class=\"elementor-post elementor-grid-item post-2089 post type-post status-publish format-standard has-post-thumbnail hentry category-glauben\" role=\"listitem\">\n\t\t\t<div class=\"elementor-post__card\">\n\t\t\t\t<a class=\"elementor-post__thumbnail__link\" href=\"https:\/\/damianmaxson.com\/es\/caliente-o-frio\/\" tabindex=\"-1\" ><div class=\"elementor-post__thumbnail\"><img loading=\"lazy\" decoding=\"async\" width=\"1920\" height=\"1080\" src=\"https:\/\/damianmaxson.com\/wp-content\/uploads\/2022\/12\/heiss_oder_kalt.webp\" class=\"attachment-full size-full wp-image-2090\" alt=\"\" srcset=\"https:\/\/damianmaxson.com\/wp-content\/uploads\/2022\/12\/heiss_oder_kalt.webp 1920w, https:\/\/damianmaxson.com\/wp-content\/uploads\/2022\/12\/heiss_oder_kalt-300x169.webp 300w, https:\/\/damianmaxson.com\/wp-content\/uploads\/2022\/12\/heiss_oder_kalt-1024x576.webp 1024w, https:\/\/damianmaxson.com\/wp-content\/uploads\/2022\/12\/heiss_oder_kalt-768x432.webp 768w, https:\/\/damianmaxson.com\/wp-content\/uploads\/2022\/12\/heiss_oder_kalt-1536x864.webp 1536w, https:\/\/damianmaxson.com\/wp-content\/uploads\/2022\/12\/heiss_oder_kalt-18x10.webp 18w\" sizes=\"auto, (max-width: 1920px) 100vw, 1920px\" \/><\/div><\/a>\n\t\t\t\t<div class=\"elementor-post__text\">\n\t\t\t\t<h3 class=\"elementor-post__title\">\n\t\t\t<a href=\"https:\/\/damianmaxson.com\/es\/caliente-o-frio\/\" >\n\t\t\t\tCaliente o fr\u00edo\t\t\t<\/a>\n\t\t<\/h3>\n\t\t\t\t<div class=\"elementor-post__excerpt\">\n\t\t\t<p>Caliente o fr\u00edo, escupo el tibio. Esta frase de la Biblia acompa\u00f1a<\/p>\n\t\t<\/div>\n\t\t\n\t\t<a class=\"elementor-post__read-more\" href=\"https:\/\/damianmaxson.com\/es\/caliente-o-frio\/\" aria-label=\"M\u00e1s informaci\u00f3n sobre Hot or Cold\" tabindex=\"-1\" >\n\t\t\tm\u00e1s\"\t\t<\/a>\n\n\t\t\t\t<\/div>\n\t\t\t\t\t<\/div>\n\t\t<\/article>\n\t\t\t\t<article class=\"elementor-post elementor-grid-item post-2104 post type-post status-publish format-standard has-post-thumbnail hentry category-lieben\" role=\"listitem\">\n\t\t\t<div class=\"elementor-post__card\">\n\t\t\t\t<a class=\"elementor-post__thumbnail__link\" href=\"https:\/\/damianmaxson.com\/es\/el-fin-de-una-relacion-que-no-te-conozco\/\" tabindex=\"-1\" ><div class=\"elementor-post__thumbnail\"><img loading=\"lazy\" decoding=\"async\" width=\"1920\" height=\"1080\" src=\"https:\/\/damianmaxson.com\/wp-content\/uploads\/2023\/01\/ich_kenne_sie_nicht.webp\" class=\"attachment-full size-full wp-image-2106\" alt=\"\" srcset=\"https:\/\/damianmaxson.com\/wp-content\/uploads\/2023\/01\/ich_kenne_sie_nicht.webp 1920w, https:\/\/damianmaxson.com\/wp-content\/uploads\/2023\/01\/ich_kenne_sie_nicht-300x169.webp 300w, https:\/\/damianmaxson.com\/wp-content\/uploads\/2023\/01\/ich_kenne_sie_nicht-1024x576.webp 1024w, https:\/\/damianmaxson.com\/wp-content\/uploads\/2023\/01\/ich_kenne_sie_nicht-768x432.webp 768w, https:\/\/damianmaxson.com\/wp-content\/uploads\/2023\/01\/ich_kenne_sie_nicht-1536x864.webp 1536w, https:\/\/damianmaxson.com\/wp-content\/uploads\/2023\/01\/ich_kenne_sie_nicht-18x10.webp 18w\" sizes=\"auto, (max-width: 1920px) 100vw, 1920px\" \/><\/div><\/a>\n\t\t\t\t<div class=\"elementor-post__text\">\n\t\t\t\t<h3 class=\"elementor-post__title\">\n\t\t\t<a href=\"https:\/\/damianmaxson.com\/es\/el-fin-de-una-relacion-que-no-te-conozco\/\" >\n\t\t\t\tEl fin de una relaci\u00f3n | No te conozco\t\t\t<\/a>\n\t\t<\/h3>\n\t\t\t\t<div class=\"elementor-post__excerpt\">\n\t\t\t<p>Estoy conmocionado, se acab\u00f3. Fue tan maravilloso, tan hermoso, un tiempo variado,<\/p>\n\t\t<\/div>\n\t\t\n\t\t<a class=\"elementor-post__read-more\" href=\"https:\/\/damianmaxson.com\/es\/el-fin-de-una-relacion-que-no-te-conozco\/\" aria-label=\"M\u00e1s informaci\u00f3n sobre El fin de una relaci\u00f3n | No te conozco\" tabindex=\"-1\" >\n\t\t\tm\u00e1s\"\t\t<\/a>\n\n\t\t\t\t<\/div>\n\t\t\t\t\t<\/div>\n\t\t<\/article>\n\t\t\t\t<article class=\"elementor-post elementor-grid-item post-2122 post type-post status-publish format-standard has-post-thumbnail hentry category-glauben\" role=\"listitem\">\n\t\t\t<div class=\"elementor-post__card\">\n\t\t\t\t<a class=\"elementor-post__thumbnail__link\" href=\"https:\/\/damianmaxson.com\/es\/las-4-armas-mas-peligrosas-del-mal\/\" tabindex=\"-1\" ><div class=\"elementor-post__thumbnail\"><img loading=\"lazy\" decoding=\"async\" width=\"1920\" height=\"1080\" src=\"https:\/\/damianmaxson.com\/wp-content\/uploads\/2023\/02\/das_boese.webp\" class=\"attachment-full size-full wp-image-2124\" alt=\"\" srcset=\"https:\/\/damianmaxson.com\/wp-content\/uploads\/2023\/02\/das_boese.webp 1920w, https:\/\/damianmaxson.com\/wp-content\/uploads\/2023\/02\/das_boese-300x169.webp 300w, https:\/\/damianmaxson.com\/wp-content\/uploads\/2023\/02\/das_boese-1024x576.webp 1024w, https:\/\/damianmaxson.com\/wp-content\/uploads\/2023\/02\/das_boese-768x432.webp 768w, https:\/\/damianmaxson.com\/wp-content\/uploads\/2023\/02\/das_boese-1536x864.webp 1536w, https:\/\/damianmaxson.com\/wp-content\/uploads\/2023\/02\/das_boese-18x10.webp 18w\" sizes=\"auto, (max-width: 1920px) 100vw, 1920px\" \/><\/div><\/a>\n\t\t\t\t<div class=\"elementor-post__text\">\n\t\t\t\t<h3 class=\"elementor-post__title\">\n\t\t\t<a href=\"https:\/\/damianmaxson.com\/es\/las-4-armas-mas-peligrosas-del-mal\/\" >\n\t\t\t\tLas 4 armas m\u00e1s peligrosas del mal.\t\t\t<\/a>\n\t\t<\/h3>\n\t\t\t\t<div class=\"elementor-post__excerpt\">\n\t\t\t<p>Originalmente hab\u00eda incluso 6 o 7 armas. Me permitieron borrar algunas,<\/p>\n\t\t<\/div>\n\t\t\n\t\t<a class=\"elementor-post__read-more\" href=\"https:\/\/damianmaxson.com\/es\/las-4-armas-mas-peligrosas-del-mal\/\" aria-label=\"M\u00e1s informaci\u00f3n sobre Las 4 armas m\u00e1s peligrosas del mal.\" tabindex=\"-1\" >\n\t\t\tm\u00e1s\"\t\t<\/a>\n\n\t\t\t\t<\/div>\n\t\t\t\t\t<\/div>\n\t\t<\/article>\n\t\t\t\t<article class=\"elementor-post elementor-grid-item post-2155 post type-post status-publish format-standard has-post-thumbnail hentry category-glauben\" role=\"listitem\">\n\t\t\t<div class=\"elementor-post__card\">\n\t\t\t\t<a class=\"elementor-post__thumbnail__link\" href=\"https:\/\/damianmaxson.com\/es\/las-cinco-armas-mas-poderosas-de-la-bondad\/\" tabindex=\"-1\" ><div class=\"elementor-post__thumbnail\"><img loading=\"lazy\" decoding=\"async\" width=\"1920\" height=\"1080\" src=\"https:\/\/damianmaxson.com\/wp-content\/uploads\/2023\/03\/das_gute.webp\" class=\"attachment-full size-full wp-image-2156\" alt=\"\" srcset=\"https:\/\/damianmaxson.com\/wp-content\/uploads\/2023\/03\/das_gute.webp 1920w, https:\/\/damianmaxson.com\/wp-content\/uploads\/2023\/03\/das_gute-300x169.webp 300w, https:\/\/damianmaxson.com\/wp-content\/uploads\/2023\/03\/das_gute-1024x576.webp 1024w, https:\/\/damianmaxson.com\/wp-content\/uploads\/2023\/03\/das_gute-768x432.webp 768w, https:\/\/damianmaxson.com\/wp-content\/uploads\/2023\/03\/das_gute-1536x864.webp 1536w, https:\/\/damianmaxson.com\/wp-content\/uploads\/2023\/03\/das_gute-18x10.webp 18w\" sizes=\"auto, (max-width: 1920px) 100vw, 1920px\" \/><\/div><\/a>\n\t\t\t\t<div class=\"elementor-post__text\">\n\t\t\t\t<h3 class=\"elementor-post__title\">\n\t\t\t<a href=\"https:\/\/damianmaxson.com\/es\/las-cinco-armas-mas-poderosas-de-la-bondad\/\" >\n\t\t\t\tLas siete armas m\u00e1s poderosas de la bondad\t\t\t<\/a>\n\t\t<\/h3>\n\t\t\t\t<div class=\"elementor-post__excerpt\">\n\t\t\t<p>Afortunadamente, no s\u00f3lo existen las armas del mal, que pueden afectarnos a diario, y<\/p>\n\t\t<\/div>\n\t\t\n\t\t<a class=\"elementor-post__read-more\" href=\"https:\/\/damianmaxson.com\/es\/las-cinco-armas-mas-poderosas-de-la-bondad\/\" aria-label=\"M\u00e1s informaci\u00f3n sobre Las siete armas m\u00e1s poderosas del bien\" tabindex=\"-1\" >\n\t\t\tm\u00e1s\"\t\t<\/a>\n\n\t\t\t\t<\/div>\n\t\t\t\t\t<\/div>\n\t\t<\/article>\n\t\t\t\t<article class=\"elementor-post elementor-grid-item post-2270 post type-post status-publish format-standard has-post-thumbnail hentry category-leben\" role=\"listitem\">\n\t\t\t<div class=\"elementor-post__card\">\n\t\t\t\t<a class=\"elementor-post__thumbnail__link\" href=\"https:\/\/damianmaxson.com\/es\/crisis-en-el-nombre-del-senor\/\" tabindex=\"-1\" ><div class=\"elementor-post__thumbnail\"><img loading=\"lazy\" decoding=\"async\" width=\"1920\" height=\"1080\" src=\"https:\/\/damianmaxson.com\/wp-content\/uploads\/2023\/07\/krise.webp\" class=\"attachment-full size-full wp-image-2272\" alt=\"\" srcset=\"https:\/\/damianmaxson.com\/wp-content\/uploads\/2023\/07\/krise.webp 1920w, https:\/\/damianmaxson.com\/wp-content\/uploads\/2023\/07\/krise-300x169.webp 300w, https:\/\/damianmaxson.com\/wp-content\/uploads\/2023\/07\/krise-1024x576.webp 1024w, https:\/\/damianmaxson.com\/wp-content\/uploads\/2023\/07\/krise-768x432.webp 768w, https:\/\/damianmaxson.com\/wp-content\/uploads\/2023\/07\/krise-1536x864.webp 1536w, https:\/\/damianmaxson.com\/wp-content\/uploads\/2023\/07\/krise-18x10.webp 18w\" sizes=\"auto, (max-width: 1920px) 100vw, 1920px\" \/><\/div><\/a>\n\t\t\t\t<div class=\"elementor-post__text\">\n\t\t\t\t<h3 class=\"elementor-post__title\">\n\t\t\t<a href=\"https:\/\/damianmaxson.com\/es\/crisis-en-el-nombre-del-senor\/\" >\n\t\t\t\tCrisis en el nombre del Se\u00f1or\t\t\t<\/a>\n\t\t<\/h3>\n\t\t\t\t<div class=\"elementor-post__excerpt\">\n\t\t\t<p>\u00bfC\u00f3mo puedes hacerlo ahora? \u00bfC\u00f3mo puedes tener una crisis cuando est\u00e1s con Dios?<\/p>\n\t\t<\/div>\n\t\t\n\t\t<a class=\"elementor-post__read-more\" href=\"https:\/\/damianmaxson.com\/es\/crisis-en-el-nombre-del-senor\/\" aria-label=\"M\u00e1s informaci\u00f3n sobre Crisis en el nombre del Se\u00f1or\" tabindex=\"-1\" >\n\t\t\tm\u00e1s\"\t\t<\/a>\n\n\t\t\t\t<\/div>\n\t\t\t\t\t<\/div>\n\t\t<\/article>\n\t\t\t\t<article class=\"elementor-post elementor-grid-item post-2311 post type-post status-publish format-standard has-post-thumbnail hentry category-leben\" role=\"listitem\">\n\t\t\t<div class=\"elementor-post__card\">\n\t\t\t\t<a class=\"elementor-post__thumbnail__link\" href=\"https:\/\/damianmaxson.com\/es\/leer-en-el-libro-de-la-vida\/\" tabindex=\"-1\" ><div class=\"elementor-post__thumbnail\"><img loading=\"lazy\" decoding=\"async\" width=\"1920\" height=\"1081\" src=\"https:\/\/damianmaxson.com\/wp-content\/uploads\/2024\/01\/buch-des-Lebens.webp\" class=\"attachment-full size-full wp-image-2313\" alt=\"\" srcset=\"https:\/\/damianmaxson.com\/wp-content\/uploads\/2024\/01\/buch-des-Lebens.webp 1920w, https:\/\/damianmaxson.com\/wp-content\/uploads\/2024\/01\/buch-des-Lebens-300x169.webp 300w, https:\/\/damianmaxson.com\/wp-content\/uploads\/2024\/01\/buch-des-Lebens-1024x577.webp 1024w, https:\/\/damianmaxson.com\/wp-content\/uploads\/2024\/01\/buch-des-Lebens-768x432.webp 768w, https:\/\/damianmaxson.com\/wp-content\/uploads\/2024\/01\/buch-des-Lebens-1536x865.webp 1536w, https:\/\/damianmaxson.com\/wp-content\/uploads\/2024\/01\/buch-des-Lebens-18x10.webp 18w\" sizes=\"auto, (max-width: 1920px) 100vw, 1920px\" \/><\/div><\/a>\n\t\t\t\t<div class=\"elementor-post__text\">\n\t\t\t\t<h3 class=\"elementor-post__title\">\n\t\t\t<a href=\"https:\/\/damianmaxson.com\/es\/leer-en-el-libro-de-la-vida\/\" >\n\t\t\t\tLeer en el Libro de la Vida\t\t\t<\/a>\n\t\t<\/h3>\n\t\t\t\t<div class=\"elementor-post__excerpt\">\n\t\t\t<p>En los momentos de adversidad, cuando la vida nos golpea con fuerza, es importante centrarse en<\/p>\n\t\t<\/div>\n\t\t\n\t\t<a class=\"elementor-post__read-more\" href=\"https:\/\/damianmaxson.com\/es\/leer-en-el-libro-de-la-vida\/\" aria-label=\"M\u00e1s informaci\u00f3n sobre Leer en el Libro de la Vida\" tabindex=\"-1\" >\n\t\t\tm\u00e1s\"\t\t<\/a>\n\n\t\t\t\t<\/div>\n\t\t\t\t\t<\/div>\n\t\t<\/article>\n\t\t\t\t<article class=\"elementor-post elementor-grid-item post-2333 post type-post status-publish format-standard has-post-thumbnail hentry category-leben\" role=\"listitem\">\n\t\t\t<div class=\"elementor-post__card\">\n\t\t\t\t<a class=\"elementor-post__thumbnail__link\" href=\"https:\/\/damianmaxson.com\/es\/dejame-ser-el-mejor-caracol-del-mundo\/\" tabindex=\"-1\" ><div class=\"elementor-post__thumbnail\"><img loading=\"lazy\" decoding=\"async\" width=\"1920\" height=\"1243\" src=\"https:\/\/damianmaxson.com\/wp-content\/uploads\/2024\/01\/schnecke.jpg\" class=\"attachment-full size-full wp-image-2340\" alt=\"\" srcset=\"https:\/\/damianmaxson.com\/wp-content\/uploads\/2024\/01\/schnecke.jpg 1920w, https:\/\/damianmaxson.com\/wp-content\/uploads\/2024\/01\/schnecke-300x194.jpg 300w, https:\/\/damianmaxson.com\/wp-content\/uploads\/2024\/01\/schnecke-1024x663.jpg 1024w, https:\/\/damianmaxson.com\/wp-content\/uploads\/2024\/01\/schnecke-768x497.jpg 768w, https:\/\/damianmaxson.com\/wp-content\/uploads\/2024\/01\/schnecke-1536x994.jpg 1536w, https:\/\/damianmaxson.com\/wp-content\/uploads\/2024\/01\/schnecke-18x12.jpg 18w\" sizes=\"auto, (max-width: 1920px) 100vw, 1920px\" \/><\/div><\/a>\n\t\t\t\t<div class=\"elementor-post__text\">\n\t\t\t\t<h3 class=\"elementor-post__title\">\n\t\t\t<a href=\"https:\/\/damianmaxson.com\/es\/dejame-ser-el-mejor-caracol-del-mundo\/\" >\n\t\t\t\tD\u00e9jame ser el mejor caracol del mundo\t\t\t<\/a>\n\t\t<\/h3>\n\t\t\t\t<div class=\"elementor-post__excerpt\">\n\t\t\t<p>En el transcurso de mis paseos regulares, un h\u00e1bito que he cultivado durante a\u00f1os, recientemente experiment\u00e9<\/p>\n\t\t<\/div>\n\t\t\n\t\t<a class=\"elementor-post__read-more\" href=\"https:\/\/damianmaxson.com\/es\/dejame-ser-el-mejor-caracol-del-mundo\/\" aria-label=\"M\u00e1s informaci\u00f3n sobre Let me be the best snail in the world\" tabindex=\"-1\" >\n\t\t\tm\u00e1s\"\t\t<\/a>\n\n\t\t\t\t<\/div>\n\t\t\t\t\t<\/div>\n\t\t<\/article>\n\t\t\t\t<article class=\"elementor-post elementor-grid-item post-2347 post type-post status-publish format-standard has-post-thumbnail hentry category-leben\" role=\"listitem\">\n\t\t\t<div class=\"elementor-post__card\">\n\t\t\t\t<a class=\"elementor-post__thumbnail__link\" href=\"https:\/\/damianmaxson.com\/es\/la-corriente-de-la-vida\/\" tabindex=\"-1\" ><div class=\"elementor-post__thumbnail\"><img loading=\"lazy\" decoding=\"async\" width=\"1920\" height=\"1097\" src=\"https:\/\/damianmaxson.com\/wp-content\/uploads\/2024\/01\/strom-des-lebens.jpg\" class=\"attachment-full size-full wp-image-2352\" alt=\"\" srcset=\"https:\/\/damianmaxson.com\/wp-content\/uploads\/2024\/01\/strom-des-lebens.jpg 1920w, https:\/\/damianmaxson.com\/wp-content\/uploads\/2024\/01\/strom-des-lebens-300x171.jpg 300w, https:\/\/damianmaxson.com\/wp-content\/uploads\/2024\/01\/strom-des-lebens-1024x585.jpg 1024w, https:\/\/damianmaxson.com\/wp-content\/uploads\/2024\/01\/strom-des-lebens-768x439.jpg 768w, https:\/\/damianmaxson.com\/wp-content\/uploads\/2024\/01\/strom-des-lebens-1536x878.jpg 1536w, https:\/\/damianmaxson.com\/wp-content\/uploads\/2024\/01\/strom-des-lebens-18x10.jpg 18w\" sizes=\"auto, (max-width: 1920px) 100vw, 1920px\" \/><\/div><\/a>\n\t\t\t\t<div class=\"elementor-post__text\">\n\t\t\t\t<h3 class=\"elementor-post__title\">\n\t\t\t<a href=\"https:\/\/damianmaxson.com\/es\/la-corriente-de-la-vida\/\" >\n\t\t\t\tLa corriente de la vida\t\t\t<\/a>\n\t\t<\/h3>\n\t\t\t\t<div class=\"elementor-post__excerpt\">\n\t\t\t<p>La met\u00e1fora de la corriente de la vida ofrece una valiosa perspectiva sobre c\u00f3mo afrontar los retos de la<\/p>\n\t\t<\/div>\n\t\t\n\t\t<a class=\"elementor-post__read-more\" href=\"https:\/\/damianmaxson.com\/es\/la-corriente-de-la-vida\/\" aria-label=\"M\u00e1s informaci\u00f3n sobre La corriente de la vida\" tabindex=\"-1\" >\n\t\t\tm\u00e1s\"\t\t<\/a>\n\n\t\t\t\t<\/div>\n\t\t\t\t\t<\/div>\n\t\t<\/article>\n\t\t\t\t<article class=\"elementor-post elementor-grid-item post-2476 post type-post status-publish format-standard has-post-thumbnail hentry category-glauben\" role=\"listitem\">\n\t\t\t<div class=\"elementor-post__card\">\n\t\t\t\t<a class=\"elementor-post__thumbnail__link\" href=\"https:\/\/damianmaxson.com\/es\/depresion-hereditaria\/\" tabindex=\"-1\" ><div class=\"elementor-post__thumbnail\"><img loading=\"lazy\" decoding=\"async\" width=\"1920\" height=\"1110\" src=\"https:\/\/damianmaxson.com\/wp-content\/uploads\/2024\/02\/geerbte-Depressionen.webp\" class=\"attachment-full size-full wp-image-2478\" alt=\"depresi\u00f3n hereditaria\" srcset=\"https:\/\/damianmaxson.com\/wp-content\/uploads\/2024\/02\/geerbte-Depressionen.webp 1920w, https:\/\/damianmaxson.com\/wp-content\/uploads\/2024\/02\/geerbte-Depressionen-300x173.webp 300w, https:\/\/damianmaxson.com\/wp-content\/uploads\/2024\/02\/geerbte-Depressionen-1024x592.webp 1024w, https:\/\/damianmaxson.com\/wp-content\/uploads\/2024\/02\/geerbte-Depressionen-768x444.webp 768w, https:\/\/damianmaxson.com\/wp-content\/uploads\/2024\/02\/geerbte-Depressionen-1536x888.webp 1536w, https:\/\/damianmaxson.com\/wp-content\/uploads\/2024\/02\/geerbte-Depressionen-18x10.webp 18w\" sizes=\"auto, (max-width: 1920px) 100vw, 1920px\" \/><\/div><\/a>\n\t\t\t\t<div class=\"elementor-post__text\">\n\t\t\t\t<h3 class=\"elementor-post__title\">\n\t\t\t<a href=\"https:\/\/damianmaxson.com\/es\/depresion-hereditaria\/\" >\n\t\t\t\tDepresi\u00f3n hereditaria\t\t\t<\/a>\n\t\t<\/h3>\n\t\t\t\t<div class=\"elementor-post__excerpt\">\n\t\t\t<p>Abordar la depresi\u00f3n hereditaria revela un fen\u00f3meno profundo que tiene paralelismos con otros muchos retos.<\/p>\n\t\t<\/div>\n\t\t\n\t\t<a class=\"elementor-post__read-more\" href=\"https:\/\/damianmaxson.com\/es\/depresion-hereditaria\/\" aria-label=\"M\u00e1s informaci\u00f3n sobre Depresi\u00f3n hereditaria\" tabindex=\"-1\" >\n\t\t\tm\u00e1s\"\t\t<\/a>\n\n\t\t\t\t<\/div>\n\t\t\t\t\t<\/div>\n\t\t<\/article>\n\t\t\t\t<article class=\"elementor-post elementor-grid-item post-2492 post type-post status-publish format-standard has-post-thumbnail hentry category-leben category-lieben\" role=\"listitem\">\n\t\t\t<div class=\"elementor-post__card\">\n\t\t\t\t<a class=\"elementor-post__thumbnail__link\" href=\"https:\/\/damianmaxson.com\/es\/pensamiento-activo\/\" tabindex=\"-1\" ><div class=\"elementor-post__thumbnail\"><img loading=\"lazy\" decoding=\"async\" width=\"1920\" height=\"1280\" src=\"https:\/\/damianmaxson.com\/wp-content\/uploads\/2024\/02\/aktives-denken.webp\" class=\"attachment-full size-full wp-image-2493\" alt=\"\" srcset=\"https:\/\/damianmaxson.com\/wp-content\/uploads\/2024\/02\/aktives-denken.webp 1920w, https:\/\/damianmaxson.com\/wp-content\/uploads\/2024\/02\/aktives-denken-300x200.webp 300w, https:\/\/damianmaxson.com\/wp-content\/uploads\/2024\/02\/aktives-denken-1024x683.webp 1024w, https:\/\/damianmaxson.com\/wp-content\/uploads\/2024\/02\/aktives-denken-768x512.webp 768w, https:\/\/damianmaxson.com\/wp-content\/uploads\/2024\/02\/aktives-denken-1536x1024.webp 1536w, https:\/\/damianmaxson.com\/wp-content\/uploads\/2024\/02\/aktives-denken-18x12.webp 18w\" sizes=\"auto, (max-width: 1920px) 100vw, 1920px\" \/><\/div><\/a>\n\t\t\t\t<div class=\"elementor-post__text\">\n\t\t\t\t<h3 class=\"elementor-post__title\">\n\t\t\t<a href=\"https:\/\/damianmaxson.com\/es\/pensamiento-activo\/\" >\n\t\t\t\tPensamiento activo\t\t\t<\/a>\n\t\t<\/h3>\n\t\t\t\t<div class=\"elementor-post__excerpt\">\n\t\t\t<p>Mis primeros pasos en las profundidades del ser hace muchos a\u00f1os fueron la ola de la<\/p>\n\t\t<\/div>\n\t\t\n\t\t<a class=\"elementor-post__read-more\" href=\"https:\/\/damianmaxson.com\/es\/pensamiento-activo\/\" aria-label=\"M\u00e1s informaci\u00f3n sobre Pensamiento activo\" tabindex=\"-1\" >\n\t\t\tm\u00e1s\"\t\t<\/a>\n\n\t\t\t\t<\/div>\n\t\t\t\t\t<\/div>\n\t\t<\/article>\n\t\t\t\t<article class=\"elementor-post elementor-grid-item post-2528 post type-post status-publish format-standard has-post-thumbnail hentry category-leben\" role=\"listitem\">\n\t\t\t<div class=\"elementor-post__card\">\n\t\t\t\t<a class=\"elementor-post__thumbnail__link\" href=\"https:\/\/damianmaxson.com\/es\/el-oro-del-espiritu-gratitud\/\" tabindex=\"-1\" ><div class=\"elementor-post__thumbnail\"><img loading=\"lazy\" decoding=\"async\" width=\"1920\" height=\"1080\" src=\"https:\/\/damianmaxson.com\/wp-content\/uploads\/2024\/03\/dankbarkeit.webp\" class=\"attachment-full size-full wp-image-2534\" alt=\"\" srcset=\"https:\/\/damianmaxson.com\/wp-content\/uploads\/2024\/03\/dankbarkeit.webp 1920w, https:\/\/damianmaxson.com\/wp-content\/uploads\/2024\/03\/dankbarkeit-300x169.webp 300w, https:\/\/damianmaxson.com\/wp-content\/uploads\/2024\/03\/dankbarkeit-1024x576.webp 1024w, https:\/\/damianmaxson.com\/wp-content\/uploads\/2024\/03\/dankbarkeit-768x432.webp 768w, https:\/\/damianmaxson.com\/wp-content\/uploads\/2024\/03\/dankbarkeit-1536x864.webp 1536w, https:\/\/damianmaxson.com\/wp-content\/uploads\/2024\/03\/dankbarkeit-18x10.webp 18w\" sizes=\"auto, (max-width: 1920px) 100vw, 1920px\" \/><\/div><\/a>\n\t\t\t\t<div class=\"elementor-post__text\">\n\t\t\t\t<h3 class=\"elementor-post__title\">\n\t\t\t<a href=\"https:\/\/damianmaxson.com\/es\/el-oro-del-espiritu-gratitud\/\" >\n\t\t\t\tEl oro del esp\u00edritu: la gratitud\u00a0\t\t\t<\/a>\n\t\t<\/h3>\n\t\t\t\t<div class=\"elementor-post__excerpt\">\n\t\t\t<p>Nunca habr\u00eda esperado el poder transformador que reside en la gratitud. Es como un pa\u00f1o de limpieza para<\/p>\n\t\t<\/div>\n\t\t\n\t\t<a class=\"elementor-post__read-more\" href=\"https:\/\/damianmaxson.com\/es\/el-oro-del-espiritu-gratitud\/\" aria-label=\"M\u00e1s informaci\u00f3n sobre El oro del esp\u00edritu - Gratitud\u00a0\" tabindex=\"-1\" >\n\t\t\tm\u00e1s\"\t\t<\/a>\n\n\t\t\t\t<\/div>\n\t\t\t\t\t<\/div>\n\t\t<\/article>\n\t\t\t\t<article class=\"elementor-post elementor-grid-item post-2551 post type-post status-publish format-standard has-post-thumbnail hentry category-glauben\" role=\"listitem\">\n\t\t\t<div class=\"elementor-post__card\">\n\t\t\t\t<a class=\"elementor-post__thumbnail__link\" href=\"https:\/\/damianmaxson.com\/es\/el-esplendor-de-la-naturaleza-del-mundo\/\" tabindex=\"-1\" ><div class=\"elementor-post__thumbnail\"><img loading=\"lazy\" decoding=\"async\" width=\"1920\" height=\"1280\" src=\"https:\/\/damianmaxson.com\/wp-content\/uploads\/2024\/03\/herrlichkeit.webp\" class=\"attachment-full size-full wp-image-2561\" alt=\"\" srcset=\"https:\/\/damianmaxson.com\/wp-content\/uploads\/2024\/03\/herrlichkeit.webp 1920w, https:\/\/damianmaxson.com\/wp-content\/uploads\/2024\/03\/herrlichkeit-300x200.webp 300w, https:\/\/damianmaxson.com\/wp-content\/uploads\/2024\/03\/herrlichkeit-1024x683.webp 1024w, https:\/\/damianmaxson.com\/wp-content\/uploads\/2024\/03\/herrlichkeit-768x512.webp 768w, https:\/\/damianmaxson.com\/wp-content\/uploads\/2024\/03\/herrlichkeit-1536x1024.webp 1536w, https:\/\/damianmaxson.com\/wp-content\/uploads\/2024\/03\/herrlichkeit-18x12.webp 18w\" sizes=\"auto, (max-width: 1920px) 100vw, 1920px\" \/><\/div><\/a>\n\t\t\t\t<div class=\"elementor-post__text\">\n\t\t\t\t<h3 class=\"elementor-post__title\">\n\t\t\t<a href=\"https:\/\/damianmaxson.com\/es\/el-esplendor-de-la-naturaleza-del-mundo\/\" >\n\t\t\t\tEl esplendor de la naturaleza, del mundo.\t\t\t<\/a>\n\t\t<\/h3>\n\t\t\t\t<div class=\"elementor-post__excerpt\">\n\t\t\t<p>Cuanto m\u00e1s me acerco a Jes\u00fas, m\u00e1s me alimenta el Esp\u00edritu Santo y m\u00e1s me<\/p>\n\t\t<\/div>\n\t\t\n\t\t<a class=\"elementor-post__read-more\" href=\"https:\/\/damianmaxson.com\/es\/el-esplendor-de-la-naturaleza-del-mundo\/\" aria-label=\"M\u00e1s informaci\u00f3n sobre El esplendor de la naturaleza, del mundo.\" tabindex=\"-1\" >\n\t\t\tm\u00e1s\"\t\t<\/a>\n\n\t\t\t\t<\/div>\n\t\t\t\t\t<\/div>\n\t\t<\/article>\n\t\t\t\t<article class=\"elementor-post elementor-grid-item post-2569 post type-post status-publish format-standard has-post-thumbnail hentry category-glauben category-leben category-lieben\" role=\"listitem\">\n\t\t\t<div class=\"elementor-post__card\">\n\t\t\t\t<a class=\"elementor-post__thumbnail__link\" href=\"https:\/\/damianmaxson.com\/es\/el-bautismo-del-diablo\/\" tabindex=\"-1\" ><div class=\"elementor-post__thumbnail\"><img loading=\"lazy\" decoding=\"async\" width=\"1920\" height=\"1280\" src=\"https:\/\/damianmaxson.com\/wp-content\/uploads\/2024\/04\/teufel.webp\" class=\"attachment-full size-full wp-image-2575\" alt=\"\" srcset=\"https:\/\/damianmaxson.com\/wp-content\/uploads\/2024\/04\/teufel.webp 1920w, https:\/\/damianmaxson.com\/wp-content\/uploads\/2024\/04\/teufel-300x200.webp 300w, https:\/\/damianmaxson.com\/wp-content\/uploads\/2024\/04\/teufel-1024x683.webp 1024w, https:\/\/damianmaxson.com\/wp-content\/uploads\/2024\/04\/teufel-768x512.webp 768w, https:\/\/damianmaxson.com\/wp-content\/uploads\/2024\/04\/teufel-1536x1024.webp 1536w, https:\/\/damianmaxson.com\/wp-content\/uploads\/2024\/04\/teufel-18x12.webp 18w\" sizes=\"auto, (max-width: 1920px) 100vw, 1920px\" \/><\/div><\/a>\n\t\t\t\t<div class=\"elementor-post__text\">\n\t\t\t\t<h3 class=\"elementor-post__title\">\n\t\t\t<a href=\"https:\/\/damianmaxson.com\/es\/el-bautismo-del-diablo\/\" >\n\t\t\t\tEl bautismo del diablo\t\t\t<\/a>\n\t\t<\/h3>\n\t\t\t\t<div class=\"elementor-post__excerpt\">\n\t\t\t<p>El nombre \"diablo\" tiene una connotaci\u00f3n tan negativa que s\u00f3lo pensar en \u00e9l produce cierto efecto negativo.<\/p>\n\t\t<\/div>\n\t\t\n\t\t<a class=\"elementor-post__read-more\" href=\"https:\/\/damianmaxson.com\/es\/el-bautismo-del-diablo\/\" aria-label=\"M\u00e1s informaci\u00f3n sobre El bautismo del diablo\" tabindex=\"-1\" >\n\t\t\tm\u00e1s\"\t\t<\/a>\n\n\t\t\t\t<\/div>\n\t\t\t\t\t<\/div>\n\t\t<\/article>\n\t\t\t\t<article class=\"elementor-post elementor-grid-item post-2595 post type-post status-publish format-standard has-post-thumbnail hentry category-glauben category-leben\" role=\"listitem\">\n\t\t\t<div class=\"elementor-post__card\">\n\t\t\t\t<a class=\"elementor-post__thumbnail__link\" href=\"https:\/\/damianmaxson.com\/es\/la-formula-del-exito-la-bola-de-poder\/\" tabindex=\"-1\" ><div class=\"elementor-post__thumbnail\"><img loading=\"lazy\" decoding=\"async\" width=\"1920\" height=\"1280\" src=\"https:\/\/damianmaxson.com\/wp-content\/uploads\/2024\/05\/erfolgsformel.webp\" class=\"attachment-full size-full wp-image-2600\" alt=\"\" srcset=\"https:\/\/damianmaxson.com\/wp-content\/uploads\/2024\/05\/erfolgsformel.webp 1920w, https:\/\/damianmaxson.com\/wp-content\/uploads\/2024\/05\/erfolgsformel-300x200.webp 300w, https:\/\/damianmaxson.com\/wp-content\/uploads\/2024\/05\/erfolgsformel-1024x683.webp 1024w, https:\/\/damianmaxson.com\/wp-content\/uploads\/2024\/05\/erfolgsformel-768x512.webp 768w, https:\/\/damianmaxson.com\/wp-content\/uploads\/2024\/05\/erfolgsformel-1536x1024.webp 1536w, https:\/\/damianmaxson.com\/wp-content\/uploads\/2024\/05\/erfolgsformel-18x12.webp 18w\" sizes=\"auto, (max-width: 1920px) 100vw, 1920px\" \/><\/div><\/a>\n\t\t\t\t<div class=\"elementor-post__text\">\n\t\t\t\t<h3 class=\"elementor-post__title\">\n\t\t\t<a href=\"https:\/\/damianmaxson.com\/es\/la-formula-del-exito-la-bola-de-poder\/\" >\n\t\t\t\tLa f\u00f3rmula del \u00e9xito: un juego de fuerzas\t\t\t<\/a>\n\t\t<\/h3>\n\t\t\t\t<div class=\"elementor-post__excerpt\">\n\t\t\t<p>La vida es una continua interacci\u00f3n entre dos fuerzas que afectan tanto a la mente como al cuerpo.<\/p>\n\t\t<\/div>\n\t\t\n\t\t<a class=\"elementor-post__read-more\" href=\"https:\/\/damianmaxson.com\/es\/la-formula-del-exito-la-bola-de-poder\/\" aria-label=\"M\u00e1s informaci\u00f3n sobre La f\u00f3rmula del \u00e9xito - Un juego de fuerzas\" tabindex=\"-1\" >\n\t\t\tm\u00e1s\"\t\t<\/a>\n\n\t\t\t\t<\/div>\n\t\t\t\t\t<\/div>\n\t\t<\/article>\n\t\t\t\t<article class=\"elementor-post elementor-grid-item post-2726 post type-post status-publish format-standard has-post-thumbnail hentry category-leben category-glauben\" role=\"listitem\">\n\t\t\t<div class=\"elementor-post__card\">\n\t\t\t\t<a class=\"elementor-post__thumbnail__link\" href=\"https:\/\/damianmaxson.com\/es\/dias-sangrientos\/\" tabindex=\"-1\" ><div class=\"elementor-post__thumbnail\"><img loading=\"lazy\" decoding=\"async\" width=\"902\" height=\"600\" src=\"https:\/\/damianmaxson.com\/wp-content\/uploads\/2024\/12\/blutige-tage-1.webp\" class=\"attachment-full size-full wp-image-2730\" alt=\"\" srcset=\"https:\/\/damianmaxson.com\/wp-content\/uploads\/2024\/12\/blutige-tage-1.webp 902w, https:\/\/damianmaxson.com\/wp-content\/uploads\/2024\/12\/blutige-tage-1-300x200.webp 300w, https:\/\/damianmaxson.com\/wp-content\/uploads\/2024\/12\/blutige-tage-1-768x511.webp 768w, https:\/\/damianmaxson.com\/wp-content\/uploads\/2024\/12\/blutige-tage-1-18x12.webp 18w\" sizes=\"auto, (max-width: 902px) 100vw, 902px\" \/><\/div><\/a>\n\t\t\t\t<div class=\"elementor-post__text\">\n\t\t\t\t<h3 class=\"elementor-post__title\">\n\t\t\t<a href=\"https:\/\/damianmaxson.com\/es\/dias-sangrientos\/\" >\n\t\t\t\tD\u00edas sangrientos\t\t\t<\/a>\n\t\t<\/h3>\n\t\t\t\t<div class=\"elementor-post__excerpt\">\n\t\t\t<p>Da la casualidad de que hoy es el d\u00eda m\u00e1s corto del a\u00f1o. Es un buen 8<\/p>\n\t\t<\/div>\n\t\t\n\t\t<a class=\"elementor-post__read-more\" href=\"https:\/\/damianmaxson.com\/es\/dias-sangrientos\/\" aria-label=\"M\u00e1s informaci\u00f3n sobre Bloody Days\" tabindex=\"-1\" >\n\t\t\tm\u00e1s\"\t\t<\/a>\n\n\t\t\t\t<\/div>\n\t\t\t\t\t<\/div>\n\t\t<\/article>\n\t\t\t\t<article class=\"elementor-post elementor-grid-item post-2742 post type-post status-publish format-standard has-post-thumbnail hentry category-lieben category-glauben category-leben\" role=\"listitem\">\n\t\t\t<div class=\"elementor-post__card\">\n\t\t\t\t<a class=\"elementor-post__thumbnail__link\" href=\"https:\/\/damianmaxson.com\/es\/navidad-o-feliz-navidad\/\" tabindex=\"-1\" ><div class=\"elementor-post__thumbnail\"><img loading=\"lazy\" decoding=\"async\" width=\"900\" height=\"600\" src=\"https:\/\/damianmaxson.com\/wp-content\/uploads\/2024\/12\/weihnachten.webp\" class=\"attachment-full size-full wp-image-2743\" alt=\"\" srcset=\"https:\/\/damianmaxson.com\/wp-content\/uploads\/2024\/12\/weihnachten.webp 900w, https:\/\/damianmaxson.com\/wp-content\/uploads\/2024\/12\/weihnachten-300x200.webp 300w, https:\/\/damianmaxson.com\/wp-content\/uploads\/2024\/12\/weihnachten-768x512.webp 768w, https:\/\/damianmaxson.com\/wp-content\/uploads\/2024\/12\/weihnachten-18x12.webp 18w\" sizes=\"auto, (max-width: 900px) 100vw, 900px\" \/><\/div><\/a>\n\t\t\t\t<div class=\"elementor-post__text\">\n\t\t\t\t<h3 class=\"elementor-post__title\">\n\t\t\t<a href=\"https:\/\/damianmaxson.com\/es\/navidad-o-feliz-navidad\/\" >\n\t\t\t\tNavidad - Feliz Navidad\t\t\t<\/a>\n\t\t<\/h3>\n\t\t\t\t<div class=\"elementor-post__excerpt\">\n\t\t\t<p>El t\u00edtulo es probablemente uno de los villancicos m\u00e1s famosos conocidos por los cristianos. Este art\u00edculo no pretende<\/p>\n\t\t<\/div>\n\t\t\n\t\t<a class=\"elementor-post__read-more\" href=\"https:\/\/damianmaxson.com\/es\/navidad-o-feliz-navidad\/\" aria-label=\"M\u00e1s informaci\u00f3n sobre Christmas - O du fr\u00f6hliche\" tabindex=\"-1\" >\n\t\t\tm\u00e1s\"\t\t<\/a>\n\n\t\t\t\t<\/div>\n\t\t\t\t\t<\/div>\n\t\t<\/article>\n\t\t\t\t<article class=\"elementor-post elementor-grid-item post-2769 post type-post status-publish format-standard has-post-thumbnail hentry category-glauben\" role=\"listitem\">\n\t\t\t<div class=\"elementor-post__card\">\n\t\t\t\t<a class=\"elementor-post__thumbnail__link\" href=\"https:\/\/damianmaxson.com\/es\/los-pasos-importantes-hacia-dios\/\" tabindex=\"-1\" ><div class=\"elementor-post__thumbnail\"><img loading=\"lazy\" decoding=\"async\" width=\"1920\" height=\"1280\" src=\"https:\/\/damianmaxson.com\/wp-content\/uploads\/2025\/04\/stufen-zu-Gott.webp\" class=\"attachment-full size-full wp-image-2771\" alt=\"\" srcset=\"https:\/\/damianmaxson.com\/wp-content\/uploads\/2025\/04\/stufen-zu-Gott.webp 1920w, https:\/\/damianmaxson.com\/wp-content\/uploads\/2025\/04\/stufen-zu-Gott-300x200.webp 300w, https:\/\/damianmaxson.com\/wp-content\/uploads\/2025\/04\/stufen-zu-Gott-1024x683.webp 1024w, https:\/\/damianmaxson.com\/wp-content\/uploads\/2025\/04\/stufen-zu-Gott-768x512.webp 768w, https:\/\/damianmaxson.com\/wp-content\/uploads\/2025\/04\/stufen-zu-Gott-1536x1024.webp 1536w, https:\/\/damianmaxson.com\/wp-content\/uploads\/2025\/04\/stufen-zu-Gott-18x12.webp 18w\" sizes=\"auto, (max-width: 1920px) 100vw, 1920px\" \/><\/div><\/a>\n\t\t\t\t<div class=\"elementor-post__text\">\n\t\t\t\t<h3 class=\"elementor-post__title\">\n\t\t\t<a href=\"https:\/\/damianmaxson.com\/es\/los-pasos-importantes-hacia-dios\/\" >\n\t\t\t\tLos pasos importantes hacia Dios\t\t\t<\/a>\n\t\t<\/h3>\n\t\t\t\t<div class=\"elementor-post__excerpt\">\n\t\t\t<p>Encontrar a Dios es un proceso de desarrollo que se hace cada vez m\u00e1s cercano e intenso a lo largo de varias etapas.<\/p>\n\t\t<\/div>\n\t\t\n\t\t<a class=\"elementor-post__read-more\" href=\"https:\/\/damianmaxson.com\/es\/los-pasos-importantes-hacia-dios\/\" aria-label=\"M\u00e1s informaci\u00f3n sobre Los pasos importantes hacia Dios\" tabindex=\"-1\" >\n\t\t\tm\u00e1s\"\t\t<\/a>\n\n\t\t\t\t<\/div>\n\t\t\t\t\t<\/div>\n\t\t<\/article>\n\t\t\t\t<article class=\"elementor-post elementor-grid-item post-2974 post type-post status-publish format-standard has-post-thumbnail hentry category-glauben category-leben category-lieben\" role=\"listitem\">\n\t\t\t<div class=\"elementor-post__card\">\n\t\t\t\t<a class=\"elementor-post__thumbnail__link\" href=\"https:\/\/damianmaxson.com\/es\/hoja-de-motivacion-cristiana-conectar-con-jesus-dia-a-dia-como-entrenar-en-el-gimnasio\/\" tabindex=\"-1\" ><div class=\"elementor-post__thumbnail\"><img loading=\"lazy\" decoding=\"async\" width=\"1344\" height=\"768\" src=\"https:\/\/damianmaxson.com\/wp-content\/uploads\/2026\/01\/Verbindung-mit-Jesus---Tag-fuer-Tag.png\" class=\"attachment-full size-full wp-image-2983\" alt=\"\" srcset=\"\" sizes=\"auto, (max-width: 1344px) 100vw, 1344px\" data-srcset=\"\" \/><\/div><\/a>\n\t\t\t\t<div class=\"elementor-post__text\">\n\t\t\t\t<h3 class=\"elementor-post__title\">\n\t\t\t<a href=\"https:\/\/damianmaxson.com\/es\/hoja-de-motivacion-cristiana-conectar-con-jesus-dia-a-dia-como-entrenar-en-el-gimnasio\/\" >\n\t\t\t\tHoja de motivaci\u00f3n cristiana: Conexi\u00f3n con Jes\u00fas - d\u00eda a d\u00eda (como el entrenamiento en el gimnasio)\t\t\t<\/a>\n\t\t<\/h3>\n\t\t\t\t<div class=\"elementor-post__excerpt\">\n\t\t\t<p>Hoja de motivaci\u00f3n cristiana: Conexi\u00f3n con Jes\u00fas - d\u00eda a d\u00eda (como el entrenamiento en el gimnasio) Hay<\/p>\n\t\t<\/div>\n\t\t\n\t\t<a class=\"elementor-post__read-more\" href=\"https:\/\/damianmaxson.com\/es\/hoja-de-motivacion-cristiana-conectar-con-jesus-dia-a-dia-como-entrenar-en-el-gimnasio\/\" aria-label=\"M\u00e1s informaci\u00f3n sobre Hoja de motivaci\u00f3n cristiana: Conexi\u00f3n con Jes\u00fas - d\u00eda a d\u00eda (como el entrenamiento en el gimnasio)\" tabindex=\"-1\" >\n\t\t\tm\u00e1s\"\t\t<\/a>\n\n\t\t\t\t<\/div>\n\t\t\t\t\t<\/div>\n\t\t<\/article>\n\t\t\t\t<\/div>\n\t\t\n\t\t\t\t\t\t<\/div>\n\t\t\t\t<\/div>\n\t\t\t\t\t<\/div>\n\t\t<\/div>\n\t\t\t\t\t<\/div>\n\t\t<\/section>\n\t\t\t\t<section class=\"elementor-section elementor-top-section elementor-element elementor-element-2208d7b elementor-section-boxed elementor-section-height-default elementor-section-height-default\" data-id=\"2208d7b\" data-element_type=\"section\" data-e-type=\"section\" data-settings=\"{&quot;jet_parallax_layout_list&quot;:[]}\">\n\t\t\t\t\t\t<div class=\"elementor-container elementor-column-gap-default\">\n\t\t\t\t\t<div class=\"elementor-column elementor-col-100 elementor-top-column elementor-element elementor-element-8de7783\" data-id=\"8de7783\" data-element_type=\"column\" data-e-type=\"column\">\n\t\t\t<div class=\"elementor-widget-wrap elementor-element-populated\">\n\t\t\t\t\t\t\t<\/div>\n\t\t<\/div>\n\t\t\t\t\t<\/div>\n\t\t<\/section>\n\t\t\t\t<\/div>","protected":false},"excerpt":{"rendered":"<p>O\u00edmos hablar mucho de la oraci\u00f3n y de la esperanza que conlleva. Pero no se puede leer en ning\u00fan sitio si la oraci\u00f3n ayuda realmente y por qu\u00e9.  He desarrollado una teor\u00eda muy s\u00f3lida al respecto. Como ocurre a menudo, es dif\u00edcil saber si se trata del Esp\u00edritu Santo y, por tanto, de la verdad, o si s\u00f3lo proviene de la confusi\u00f3n de nuestros [...]<\/p>","protected":false},"author":1,"featured_media":1798,"comment_status":"open","ping_status":"closed","sticky":false,"template":"elementor_header_footer","format":"standard","meta":{"inline_featured_image":false,"footnotes":""},"categories":[1],"tags":[],"class_list":["post-1797","post","type-post","status-publish","format-standard","has-post-thumbnail","hentry","category-glauben"],"_links":{"self":[{"href":"https:\/\/damianmaxson.com\/es\/wp-json\/wp\/v2\/posts\/1797","targetHints":{"allow":["GET"]}}],"collection":[{"href":"https:\/\/damianmaxson.com\/es\/wp-json\/wp\/v2\/posts"}],"about":[{"href":"https:\/\/damianmaxson.com\/es\/wp-json\/wp\/v2\/types\/post"}],"author":[{"embeddable":true,"href":"https:\/\/damianmaxson.com\/es\/wp-json\/wp\/v2\/users\/1"}],"replies":[{"embeddable":true,"href":"https:\/\/damianmaxson.com\/es\/wp-json\/wp\/v2\/comments?post=1797"}],"version-history":[{"count":20,"href":"https:\/\/damianmaxson.com\/es\/wp-json\/wp\/v2\/posts\/1797\/revisions"}],"predecessor-version":[{"id":1880,"href":"https:\/\/damianmaxson.com\/es\/wp-json\/wp\/v2\/posts\/1797\/revisions\/1880"}],"wp:featuredmedia":[{"embeddable":true,"href":"https:\/\/damianmaxson.com\/es\/wp-json\/wp\/v2\/media\/1798"}],"wp:attachment":[{"href":"https:\/\/damianmaxson.com\/es\/wp-json\/wp\/v2\/media?parent=1797"}],"wp:term":[{"taxonomy":"category","embeddable":true,"href":"https:\/\/damianmaxson.com\/es\/wp-json\/wp\/v2\/categories?post=1797"},{"taxonomy":"post_tag","embeddable":true,"href":"https:\/\/damianmaxson.com\/es\/wp-json\/wp\/v2\/tags?post=1797"}],"curies":[{"name":"wp","href":"https:\/\/api.w.org\/{rel}","templated":true}]}}